{"id":114870,"date":"2022-10-21T08:20:39","date_gmt":"2022-10-21T11:20:39","guid":{"rendered":"http:\/\/vinasfm.com\/noticias\/?p=114870"},"modified":"2022-10-21T08:20:39","modified_gmt":"2022-10-21T11:20:39","slug":"ampros-rechazo-la-propuesta-salarial-y-advirtio-la-gravisima-crisis-que-atraviesa-la-salud-provincial","status":"publish","type":"post","link":"https:\/\/vinasfm.com\/noticias\/ampros-rechazo-la-propuesta-salarial-y-advirtio-la-gravisima-crisis-que-atraviesa-la-salud-provincial\/","title":{"rendered":"AMPROS RECHAZ\u00d3 LA PROPUESTA SALARIAL Y ADVIRTI\u00d3 LA GRAV\u00cdSIMA CRISIS QUE ATRAVIESA LA SALUD PROVINCIAL"},"content":{"rendered":"<h4 style=\"font-weight: 400;\"><strong>En audiencia de Comisi\u00f3n Negociadora realizada ayer a las 15 en la Subsecretar\u00eda de Trabajo, la Asociaci\u00f3n Mendocina de Profesionales de la Salud (AMProS)\u00a0rechaz\u00f3 la propuesta efectuada por el Ejecutivo Provincial, de otorgar un 6,5% en diciembre de 2022 vigente al 1 de diciembre, un incremento de 5% en enero, 5% en febrero y 5% en marzo de 2023.<\/strong><\/h4>\n<p style=\"font-weight: 400;\">Claudia Iturbe, secretaria General, explic\u00f3 con detalle a los miembros paritarios y al subsecretario Carlos Segura, la grav\u00edsima situaci\u00f3n que atraviesa la salud en Mendoza, teniendo en cuenta el \u00e9xodo de un sinn\u00famero de profesionales considerados recurso humano cr\u00edtico, con alt\u00edsima formaci\u00f3n acad\u00e9mica en especialidades como Neonatolog\u00eda, Pediatr\u00eda, Neurocirug\u00eda, Neurolog\u00eda, Traumatolog\u00eda, Nefrolog\u00eda, Terapia Intensiva, entre otras, quienes al no haber recibido cumplimiento alguno de parte del Gobierno a los \u00edtems prometidos a esta entidad gremial en la \u00faltima reuni\u00f3n paritaria, tomaron la decisi\u00f3n de trasladarse a otras provincias, a pa\u00edses como Chile o incluso a Europa.<\/p>\n<p style=\"font-weight: 400;\"><strong><em>&#8216;Nos ha sorprendido de sobremanera el hecho de que los miembros paritarios pareciera que no tienen en claro el rol que juegan, porque con las decisiones que ellos toman y nosotros aceptamos o no, definimos el acceso a la salud de todos los mendocinos. Vienen en representaci\u00f3n del gobernador y han manifestado un desconocimiento total a algunos temas e incumplimientos puestos sobre la mesa de negociaci\u00f3n&#8217;<\/em><\/strong>, a\u00f1adi\u00f3 la licenciada Iturbe.<\/p>\n<p style=\"font-weight: 400;\"><em><strong>&#8216;Este ofrecimiento es inaceptable, implica una severa p\u00e9rdida del poder adquisitivo de los profesionales, ya que la proyecci\u00f3n del BCRA es del 101% para 2022. Advertimos que la brecha salarial con otras provincias genera una di\u00e1spora del recurso humano cr\u00edtico. Por lo tanto, requerimos una f\u00f3rmula autom\u00e1tica de actualizaci\u00f3n de salarios, que permita continuar el debate sobre otros temas fundamentales en la pol\u00edtica de salud que requiere Mendoza&#8217;<\/strong><\/em>, detall\u00f3 el doctor <strong>Pablo Melonari<\/strong>, secretario de Capacitaci\u00f3n Profesional de \u00abAMProS\u00bb.<\/p>\n<p style=\"font-weight: 400;\">Finalmente, Claudia Iturbe se\u00f1al\u00f3 en forma contundente que <em><strong>&#8216;ante la gravedad del tema de salud p\u00fablica que implican las denuncias formuladas por la entidad gremial que presido, solicitamos que las audiencias sean p\u00fablicas y requerimos a la brevedad, una audiencia con el Gobernador de la Provincia de Mendoza&#8217;.<\/strong><\/em><\/p>\n<p style=\"font-weight: 400;\"><strong><em>&#8216;Asimismo, informamos a la comunidad que pediremos la participaci\u00f3n de todos los partidos pol\u00edticos para que comprometan su trabajo y gesti\u00f3n ante la vulneraci\u00f3n de derechos y la falta de acceso a la salud que atraviesan los mendocinos&#8217;<\/em><\/strong>, concluy\u00f3 la secretaria general de \u00abAMProS\u00bb.<\/p>\n<p style=\"font-weight: 400;\">Las partes volver\u00e1n a reunirse el 4 de noviembre a las 9 en la Subsecretar\u00eda de Trabajo de la Provincia.<\/p>\n","protected":false},"excerpt":{"rendered":"<p>En audiencia de Comisi\u00f3n Negociadora realizada ayer a las 15 en la Subsecretar\u00eda de Trabajo, la Asociaci\u00f3n Mendocina de Profesionales de &#8230;<\/p>\n","protected":false},"author":7,"featured_media":114871,"comment_status":"open","ping_status":"open","sticky":false,"template":"","format":"standard","meta":{"footnotes":""},"categories":[1],"tags":[],"class_list":["post-114870","post","type-post","status-publish","format-standard","has-post-thumbnail","hentry","category-fmvinas"],"_links":{"self":[{"href":"https:\/\/vinasfm.com\/noticias\/wp-json\/wp\/v2\/posts\/114870","targetHints":{"allow":["GET"]}}],"collection":[{"href":"https:\/\/vinasfm.com\/noticias\/wp-json\/wp\/v2\/posts"}],"about":[{"href":"https:\/\/vinasfm.com\/noticias\/wp-json\/wp\/v2\/types\/post"}],"author":[{"embeddable":true,"href":"https:\/\/vinasfm.com\/noticias\/wp-json\/wp\/v2\/users\/7"}],"replies":[{"embeddable":true,"href":"https:\/\/vinasfm.com\/noticias\/wp-json\/wp\/v2\/comments?post=114870"}],"version-history":[{"count":1,"href":"https:\/\/vinasfm.com\/noticias\/wp-json\/wp\/v2\/posts\/114870\/revisions"}],"predecessor-version":[{"id":114872,"href":"https:\/\/vinasfm.com\/noticias\/wp-json\/wp\/v2\/posts\/114870\/revisions\/114872"}],"wp:featuredmedia":[{"embeddable":true,"href":"https:\/\/vinasfm.com\/noticias\/wp-json\/wp\/v2\/media\/114871"}],"wp:attachment":[{"href":"https:\/\/vinasfm.com\/noticias\/wp-json\/wp\/v2\/media?parent=114870"}],"wp:term":[{"taxonomy":"category","embeddable":true,"href":"https:\/\/vinasfm.com\/noticias\/wp-json\/wp\/v2\/categories?post=114870"},{"taxonomy":"post_tag","embeddable":true,"href":"https:\/\/vinasfm.com\/noticias\/wp-json\/wp\/v2\/tags?post=114870"}],"curies":[{"name":"wp","href":"https:\/\/api.w.org\/{rel}","templated":true}]}}