{"id":114865,"date":"2022-10-21T08:13:34","date_gmt":"2022-10-21T11:13:34","guid":{"rendered":"http:\/\/vinasfm.com\/noticias\/?p=114865"},"modified":"2022-10-21T08:13:34","modified_gmt":"2022-10-21T11:13:34","slug":"manana-se-realizara-el-primer-encuentro-de-adultos-mayores","status":"publish","type":"post","link":"https:\/\/vinasfm.com\/noticias\/manana-se-realizara-el-primer-encuentro-de-adultos-mayores\/","title":{"rendered":"MA\u00d1ANA SE REALIZAR\u00c1 EL PRIMER ENCUENTRO DE ADULTOS MAYORES"},"content":{"rendered":"<h4><strong>A trav\u00e9s del centro de capacitaci\u00f3n Meraki en conjunto con el municipio se realizar\u00e1 el primer encuentro de adultos mayores, el encuentro se realizar\u00e1 este s\u00e1bado 22 a partir de las 09:00 hasta las 18:30 en el centro de jubilados de la Calle Juan B Justo<\/strong><\/h4>\n<p>De este modo habl\u00f3 Luc\u00eda Matellanes informado acerca del evento: <em><strong>&#8216;Nos parece una buena oportunidad para que los adultos mayores puedan realizar otras actividades ya sea de capacitaci\u00f3n o entretenimiento, lo importante de esto es que va a estar a cargo de capacitadoras&#8217;<\/strong><\/em><\/p>\n<p>Asimismo Gabriella Mellado a\u00f1adi\u00f3: <em><strong>&#8216;La actividad prevista cuenta con diferentes instancias, en la ma\u00f1ana estar\u00e1 participando Ver\u00f3nica Reyes , ella a trav\u00e9s de diferentes talleres trabajar\u00e1 en diferentes interrogantes que la gente mayor se hace&#8217;<\/strong><\/em><\/p>\n<p>Del mismo modo Patricia destac\u00f3:<em><strong> &#8216;M\u00e1s que nada esto de mantenerlos en movimiento para conectar con uno mismo y saber que esto est\u00e1 dirigida a personas mayores pero tambi\u00e9n hacia ese p\u00fablico que quieran verse a s\u00ed mismo y pensar en su vejez m\u00e1s all\u00e1&#8217;<\/strong><\/em><\/p>\n<p>&nbsp;<\/p>\n","protected":false},"excerpt":{"rendered":"<p>A trav\u00e9s del centro de capacitaci\u00f3n Meraki en conjunto con el municipio se realizar\u00e1 el primer encuentro de adultos mayores, el &#8230;<\/p>\n","protected":false},"author":7,"featured_media":8021,"comment_status":"open","ping_status":"open","sticky":false,"template":"","format":"standard","meta":{"footnotes":""},"categories":[5,19],"tags":[],"class_list":["post-114865","post","type-post","status-publish","format-standard","has-post-thumbnail","hentry","category-actualidad","category-cultura"],"_links":{"self":[{"href":"https:\/\/vinasfm.com\/noticias\/wp-json\/wp\/v2\/posts\/114865","targetHints":{"allow":["GET"]}}],"collection":[{"href":"https:\/\/vinasfm.com\/noticias\/wp-json\/wp\/v2\/posts"}],"about":[{"href":"https:\/\/vinasfm.com\/noticias\/wp-json\/wp\/v2\/types\/post"}],"author":[{"embeddable":true,"href":"https:\/\/vinasfm.com\/noticias\/wp-json\/wp\/v2\/users\/7"}],"replies":[{"embeddable":true,"href":"https:\/\/vinasfm.com\/noticias\/wp-json\/wp\/v2\/comments?post=114865"}],"version-history":[{"count":1,"href":"https:\/\/vinasfm.com\/noticias\/wp-json\/wp\/v2\/posts\/114865\/revisions"}],"predecessor-version":[{"id":114869,"href":"https:\/\/vinasfm.com\/noticias\/wp-json\/wp\/v2\/posts\/114865\/revisions\/114869"}],"wp:featuredmedia":[{"embeddable":true,"href":"https:\/\/vinasfm.com\/noticias\/wp-json\/wp\/v2\/media\/8021"}],"wp:attachment":[{"href":"https:\/\/vinasfm.com\/noticias\/wp-json\/wp\/v2\/media?parent=114865"}],"wp:term":[{"taxonomy":"category","embeddable":true,"href":"https:\/\/vinasfm.com\/noticias\/wp-json\/wp\/v2\/categories?post=114865"},{"taxonomy":"post_tag","embeddable":true,"href":"https:\/\/vinasfm.com\/noticias\/wp-json\/wp\/v2\/tags?post=114865"}],"curies":[{"name":"wp","href":"https:\/\/api.w.org\/{rel}","templated":true}]}}