{"id":114857,"date":"2022-10-20T11:40:34","date_gmt":"2022-10-20T14:40:34","guid":{"rendered":"http:\/\/vinasfm.com\/noticias\/?p=114857"},"modified":"2022-10-21T07:56:19","modified_gmt":"2022-10-21T10:56:19","slug":"una-nueva-edicion-de-la-jineteada-pre-fetstival-de-la-ciruela","status":"publish","type":"post","link":"https:\/\/vinasfm.com\/noticias\/una-nueva-edicion-de-la-jineteada-pre-fetstival-de-la-ciruela\/","title":{"rendered":"LLEGA A ALVEAR UNA NUEVA EDICI\u00d3N DE LA JINETEADA PRE FESTIVAL DE LA CIRUELA"},"content":{"rendered":"<h4><strong>Comienzan los preparativos para la Fiesta Nacional de la Ciruela y con ellos llega la jineteada que funciona como la previa.\u00a0<\/strong><\/h4>\n<p>El pr\u00f3ximo 27 de noviembre se realizar\u00e1 la Jineteada Pre Festival de la Ciruela. <strong><em>&#8216;Estamos muy contentos con esta calidad de jineteada que traemos&#8217;<\/em><\/strong> expres\u00f3 Jaime S\u00e1nchez y agreg\u00f3 <em><strong>&#8216;traemos a al campe\u00f3n y subcampe\u00f3n de Jes\u00fas Mar\u00eda y una apuesta muy importante&#8217;.<\/strong><\/em><\/p>\n<p>Todo el d\u00eda domingo 27 se realizar\u00e1n actividades en el predio ubicado en Av. Sarmiento en donde se realiza la tradicional \u00abFiesta Nacional de la Ciruela\u00bb. Las personas que desean asistir podr\u00e1n llevar alimentos y materiales para realizar un asado debido a que el predio cuenta con churrasquearas e instalaciones para su comodidad. El evento pactado para las 8:00hs <em><b>&#8216;va a empezar con un juego de riendas que se va a extender un par de horas hasta que inicie la jineteada&#8217;. <\/b><\/em>La jineteada ser\u00e1 dirigida por Julio Dom\u00ednguez.<\/p>\n<p>Hasta el 31 de octubre se pueden adquirir dos entradas anticipadas que costar\u00e1n $2000, con los n\u00fameros de la rifa se podr\u00e1 acceder de manera gratuita. &#8216;<strong><em>Todo esto lo hacemos para poder reunir fondos y llegar a la fiesta con mayor organizaci\u00f3n&#8217;<\/em><\/strong> remarc\u00f3 S\u00e1nchez.<\/p>\n<h6>Gabriel Vallejos<\/h6>\n","protected":false},"excerpt":{"rendered":"<p>Comienzan los preparativos para la Fiesta Nacional de la Ciruela y con ellos llega la jineteada que funciona como la previa.\u00a0 &#8230;<\/p>\n","protected":false},"author":7,"featured_media":114859,"comment_status":"open","ping_status":"open","sticky":false,"template":"","format":"standard","meta":{"footnotes":""},"categories":[5,10],"tags":[],"class_list":["post-114857","post","type-post","status-publish","format-standard","has-post-thumbnail","hentry","category-actualidad","category-destacadas"],"_links":{"self":[{"href":"https:\/\/vinasfm.com\/noticias\/wp-json\/wp\/v2\/posts\/114857","targetHints":{"allow":["GET"]}}],"collection":[{"href":"https:\/\/vinasfm.com\/noticias\/wp-json\/wp\/v2\/posts"}],"about":[{"href":"https:\/\/vinasfm.com\/noticias\/wp-json\/wp\/v2\/types\/post"}],"author":[{"embeddable":true,"href":"https:\/\/vinasfm.com\/noticias\/wp-json\/wp\/v2\/users\/7"}],"replies":[{"embeddable":true,"href":"https:\/\/vinasfm.com\/noticias\/wp-json\/wp\/v2\/comments?post=114857"}],"version-history":[{"count":3,"href":"https:\/\/vinasfm.com\/noticias\/wp-json\/wp\/v2\/posts\/114857\/revisions"}],"predecessor-version":[{"id":114864,"href":"https:\/\/vinasfm.com\/noticias\/wp-json\/wp\/v2\/posts\/114857\/revisions\/114864"}],"wp:featuredmedia":[{"embeddable":true,"href":"https:\/\/vinasfm.com\/noticias\/wp-json\/wp\/v2\/media\/114859"}],"wp:attachment":[{"href":"https:\/\/vinasfm.com\/noticias\/wp-json\/wp\/v2\/media?parent=114857"}],"wp:term":[{"taxonomy":"category","embeddable":true,"href":"https:\/\/vinasfm.com\/noticias\/wp-json\/wp\/v2\/categories?post=114857"},{"taxonomy":"post_tag","embeddable":true,"href":"https:\/\/vinasfm.com\/noticias\/wp-json\/wp\/v2\/tags?post=114857"}],"curies":[{"name":"wp","href":"https:\/\/api.w.org\/{rel}","templated":true}]}}