{"id":114843,"date":"2022-10-20T11:02:44","date_gmt":"2022-10-20T14:02:44","guid":{"rendered":"http:\/\/vinasfm.com\/noticias\/?p=114843"},"modified":"2022-10-20T11:14:46","modified_gmt":"2022-10-20T14:14:46","slug":"lazo-rosa-viviente-en-conmemoracion-al-dia-mundial-del-cancer-de-mama","status":"publish","type":"post","link":"https:\/\/vinasfm.com\/noticias\/lazo-rosa-viviente-en-conmemoracion-al-dia-mundial-del-cancer-de-mama\/","title":{"rendered":"LAZO ROSA VIVIENTE EN CONMEMORACI\u00d3N AL D\u00cdA MUNDIAL DEL C\u00c1NCER DE MAMA"},"content":{"rendered":"<h4><strong>En conmemoraci\u00f3n al mes de Concientizaci\u00f3n y Prevenci\u00f3n del C\u00e1ncer de Mam\u00e1, se realiz\u00f3 un \u00abLAZO ROSA VIVIENTE\u00bb frente al municipio.<\/strong><\/h4>\n<p>En la acci\u00f3n participaron las \u00e1reas que trabajaron en el proyecto durante todo el mes: \u00e1reas de salud del Hospital Enfermeros Argentinos, OSEP, LALCEC, distintas direcciones del municipio y todas las personas que decidieron sumarse a la actividad.<\/p>\n<p>Todo el personal de las \u00e1reas mencionadas junto a vecinos se reunieron en la Plaza Carlos Mar\u00eda de Alvear para alzar y hacer visible un lazo rosa, s\u00edmbolo de la lucha contra el c\u00e1ncer de mama. &#8216;<em><strong>Es algo simb\u00f3lico pero que busca tomar la acci\u00f3n de los chequeos y controles en la sociedad&#8217;<\/strong><\/em> mencion\u00f3 Silvia Vega.<\/p>\n<p>La edad estimativa de los y las pacientes, que transitan la enfermedad, es a partir de los 40 a\u00f1os pero se anticipa en el caso de tener antecedentes. <em><strong>&#8216;Las instituciones deben ayudar y darle una mano a todas las personas que ,por alg\u00fan motivo, no pueden acceder a la informaci\u00f3n y controles&#8217;<\/strong><\/em> remarc\u00f3 Vega.<\/p>\n<p><a href=\"http:\/\/vinasfm.com\/noticias\/wp-content\/uploads\/2022\/10\/WhatsApp-Image-2022-10-20-at-10.30.43.jpeg\"><img loading=\"lazy\" decoding=\"async\" class=\"alignnone size-medium wp-image-114846\" src=\"http:\/\/vinasfm.com\/noticias\/wp-content\/uploads\/2022\/10\/WhatsApp-Image-2022-10-20-at-10.30.43-300x169.jpeg\" alt=\"\" width=\"300\" height=\"169\" srcset=\"https:\/\/vinasfm.com\/noticias\/wp-content\/uploads\/2022\/10\/WhatsApp-Image-2022-10-20-at-10.30.43-300x169.jpeg 300w, https:\/\/vinasfm.com\/noticias\/wp-content\/uploads\/2022\/10\/WhatsApp-Image-2022-10-20-at-10.30.43-1024x576.jpeg 1024w, https:\/\/vinasfm.com\/noticias\/wp-content\/uploads\/2022\/10\/WhatsApp-Image-2022-10-20-at-10.30.43-768x432.jpeg 768w, https:\/\/vinasfm.com\/noticias\/wp-content\/uploads\/2022\/10\/WhatsApp-Image-2022-10-20-at-10.30.43-1536x864.jpeg 1536w, https:\/\/vinasfm.com\/noticias\/wp-content\/uploads\/2022\/10\/WhatsApp-Image-2022-10-20-at-10.30.43-750x420.jpeg 750w, https:\/\/vinasfm.com\/noticias\/wp-content\/uploads\/2022\/10\/WhatsApp-Image-2022-10-20-at-10.30.43-1140x641.jpeg 1140w, https:\/\/vinasfm.com\/noticias\/wp-content\/uploads\/2022\/10\/WhatsApp-Image-2022-10-20-at-10.30.43.jpeg 1599w\" sizes=\"auto, (max-width: 300px) 100vw, 300px\" \/><\/a> <a href=\"http:\/\/vinasfm.com\/noticias\/wp-content\/uploads\/2022\/10\/WhatsApp-Image-2022-10-20-at-10.30.54.jpeg\"><img loading=\"lazy\" decoding=\"async\" class=\"alignnone size-medium wp-image-114847\" src=\"http:\/\/vinasfm.com\/noticias\/wp-content\/uploads\/2022\/10\/WhatsApp-Image-2022-10-20-at-10.30.54-300x169.jpeg\" alt=\"\" width=\"300\" height=\"169\" srcset=\"https:\/\/vinasfm.com\/noticias\/wp-content\/uploads\/2022\/10\/WhatsApp-Image-2022-10-20-at-10.30.54-300x169.jpeg 300w, https:\/\/vinasfm.com\/noticias\/wp-content\/uploads\/2022\/10\/WhatsApp-Image-2022-10-20-at-10.30.54-1024x576.jpeg 1024w, https:\/\/vinasfm.com\/noticias\/wp-content\/uploads\/2022\/10\/WhatsApp-Image-2022-10-20-at-10.30.54-768x432.jpeg 768w, https:\/\/vinasfm.com\/noticias\/wp-content\/uploads\/2022\/10\/WhatsApp-Image-2022-10-20-at-10.30.54-1536x864.jpeg 1536w, https:\/\/vinasfm.com\/noticias\/wp-content\/uploads\/2022\/10\/WhatsApp-Image-2022-10-20-at-10.30.54-750x420.jpeg 750w, https:\/\/vinasfm.com\/noticias\/wp-content\/uploads\/2022\/10\/WhatsApp-Image-2022-10-20-at-10.30.54-1140x641.jpeg 1140w, https:\/\/vinasfm.com\/noticias\/wp-content\/uploads\/2022\/10\/WhatsApp-Image-2022-10-20-at-10.30.54.jpeg 1599w\" sizes=\"auto, (max-width: 300px) 100vw, 300px\" \/><\/a><\/p>\n<h6>Gabriel Vallejos<\/h6>\n","protected":false},"excerpt":{"rendered":"<p>En conmemoraci\u00f3n al mes de Concientizaci\u00f3n y Prevenci\u00f3n del C\u00e1ncer de Mam\u00e1, se realiz\u00f3 un \u00abLAZO ROSA VIVIENTE\u00bb frente al municipio. &#8230;<\/p>\n","protected":false},"author":7,"featured_media":114848,"comment_status":"open","ping_status":"open","sticky":false,"template":"","format":"standard","meta":{"footnotes":""},"categories":[1],"tags":[],"class_list":["post-114843","post","type-post","status-publish","format-standard","has-post-thumbnail","hentry","category-fmvinas"],"_links":{"self":[{"href":"https:\/\/vinasfm.com\/noticias\/wp-json\/wp\/v2\/posts\/114843","targetHints":{"allow":["GET"]}}],"collection":[{"href":"https:\/\/vinasfm.com\/noticias\/wp-json\/wp\/v2\/posts"}],"about":[{"href":"https:\/\/vinasfm.com\/noticias\/wp-json\/wp\/v2\/types\/post"}],"author":[{"embeddable":true,"href":"https:\/\/vinasfm.com\/noticias\/wp-json\/wp\/v2\/users\/7"}],"replies":[{"embeddable":true,"href":"https:\/\/vinasfm.com\/noticias\/wp-json\/wp\/v2\/comments?post=114843"}],"version-history":[{"count":3,"href":"https:\/\/vinasfm.com\/noticias\/wp-json\/wp\/v2\/posts\/114843\/revisions"}],"predecessor-version":[{"id":114855,"href":"https:\/\/vinasfm.com\/noticias\/wp-json\/wp\/v2\/posts\/114843\/revisions\/114855"}],"wp:featuredmedia":[{"embeddable":true,"href":"https:\/\/vinasfm.com\/noticias\/wp-json\/wp\/v2\/media\/114848"}],"wp:attachment":[{"href":"https:\/\/vinasfm.com\/noticias\/wp-json\/wp\/v2\/media?parent=114843"}],"wp:term":[{"taxonomy":"category","embeddable":true,"href":"https:\/\/vinasfm.com\/noticias\/wp-json\/wp\/v2\/categories?post=114843"},{"taxonomy":"post_tag","embeddable":true,"href":"https:\/\/vinasfm.com\/noticias\/wp-json\/wp\/v2\/tags?post=114843"}],"curies":[{"name":"wp","href":"https:\/\/api.w.org\/{rel}","templated":true}]}}