{"id":114787,"date":"2022-10-21T07:00:27","date_gmt":"2022-10-21T10:00:27","guid":{"rendered":"http:\/\/vinasfm.com\/noticias\/?p=114787"},"modified":"2022-10-21T09:01:24","modified_gmt":"2022-10-21T12:01:24","slug":"dia-mundial-de-la-lucha-contra-el-cancer-de-mama","status":"publish","type":"post","link":"https:\/\/vinasfm.com\/noticias\/dia-mundial-de-la-lucha-contra-el-cancer-de-mama\/","title":{"rendered":"CONTIN\u00daAN LAS ACTIVIDADES POR LA SEMANA DE LA LUCHA CONTRA EL C\u00c1NCER DE MAMA"},"content":{"rendered":"<h4>Por iniciativa de la Organizaci\u00f3n Mundial de la Salud, todos los 19 de octubre se celebra el D\u00eda Mundial de Lucha contra el C\u00e1ncer de Mama. Su objetivo es concientizar y promover para que cada vez m\u00e1s mujeres accedan a controles y diagn\u00f3sticos, ya que la detecci\u00f3n precoz hace a mejores tratamientos para la lucha contra este c\u00e1ncer.<\/h4>\n<p>Hoy 20 de octubre se realizar\u00e1 un lazo rosa viviente frente al edificio de la municipalidad, el s\u00e1bado se realizar\u00e1 una caminata que culminar\u00e1 en la plaza central con actividades recreativas a partir de las 09:30. Asimismo el 28 de octubre a 10:00 se dictar\u00e1 una charla informativa en el SUM del Hospital Enfermeros Argentinos.<\/p>\n<p>En el marco del Proyecto Una Cita con la Vida, se realizar\u00e1 una charla informativa sobre rehabilitaci\u00f3n y tratamiento posterior de pacientes con c\u00e1ncer de mama, a cargo de las profesionales: Lic. Melendi Andrea y Gil Avelina, testimonios de esperanza de pacientes que actualmente est\u00e1n transitando la enfermedad. Viernes 28 de octubre, a las 10hs en el SUM del Hospital Enfermeros Argentinos.<\/p>\n<p>El 19 de octubre es el\u00a0<strong>D\u00eda Mundial de la Lucha contra el C\u00e1ncer de Mama<\/strong>. La fecha, impulsada por el la\u00a0<strong>Organizaci\u00f3n Mundial de la Salud<\/strong><strong>\u00a0<\/strong>(OMS), sirve para sensibilizar y concientizar sobre lo importante que es para las mujeres realizarse regularmente un examen de mamas, con el objetivo de detectar cualquier anomal\u00eda.<\/p>\n<p>El\u00a0<strong>c\u00e1ncer de mama\u00a0<\/strong>es un tipo de tumor, creado en las c\u00e9lulas y estructuras de las gl\u00e1ndulas de los tejidos del seno que afecta a ambos sexos y es\u00a0<strong>mucho m\u00e1s frecuente en las mujeres<\/strong>. Puede diseminarse al resto del cuerpo a trav\u00e9s de los vasos sangu\u00edneos y linf\u00e1ticos, en un proceso llamado\u00a0<strong>met\u00e1stasis<\/strong>. Se estima que\u00a0<strong>1 de cada 8 mujeres tendr\u00e1 c\u00e1ncer de mama en su vida<\/strong>, de ah\u00ed la importancia de la evaluaci\u00f3n regular.<\/p>\n<p>De acuerdo con la\u00a0<strong>OMS<\/strong>, la enfermedad representa el\u00a0<strong>16% de todos los c\u00e1nceres en pacientes femeninos<\/strong>, constituyendo la\u00a0<strong>primera causa de muerte para las mujeres de todo el mundo<\/strong>. Es por eso que la organizaci\u00f3n apoya la efem\u00e9ride para promover el diagn\u00f3stico precoz e incrementar el acceso a los controles y tratamientos de la enfermedad.<\/p>\n<h3 class=\"article-text\">7\u00a0 factores que aumentan el riesgo<\/h3>\n<p class=\"article-text\">Hay que tener en cuenta que\u00a0<strong>todos pueden padecer esta enfermedad<\/strong>, por lo que tambi\u00e9n se busca visibilizar pr\u00e1cticas y factores que puedan aumentar el riesgo de contraerla, y promover cambios en los h\u00e1bitos de vida para evitarla. Los factores son:<\/p>\n<div class=\"list\">\n<ol>\n<li>Exceso de peso<\/li>\n<li>Tabaquismo<\/li>\n<li>Antecedentes familiares: en caso de ser positivo, los chequeos se deben hacerse a temprana edad<\/li>\n<li>Consumo elevado de carnes y grasas animales<\/li>\n<li>Falta de deportes y actividad f\u00edsica<\/li>\n<li>Primera menstruaci\u00f3n muy temprana<\/li>\n<li>Estr\u00e9s<\/li>\n<\/ol>\n<\/div>\n<p>&nbsp;<\/p>\n","protected":false},"excerpt":{"rendered":"<p>Por iniciativa de la Organizaci\u00f3n Mundial de la Salud, todos los 19 de octubre se celebra el D\u00eda Mundial de Lucha &#8230;<\/p>\n","protected":false},"author":7,"featured_media":114790,"comment_status":"open","ping_status":"open","sticky":false,"template":"","format":"standard","meta":{"footnotes":""},"categories":[5,10],"tags":[],"class_list":["post-114787","post","type-post","status-publish","format-standard","has-post-thumbnail","hentry","category-actualidad","category-destacadas"],"_links":{"self":[{"href":"https:\/\/vinasfm.com\/noticias\/wp-json\/wp\/v2\/posts\/114787","targetHints":{"allow":["GET"]}}],"collection":[{"href":"https:\/\/vinasfm.com\/noticias\/wp-json\/wp\/v2\/posts"}],"about":[{"href":"https:\/\/vinasfm.com\/noticias\/wp-json\/wp\/v2\/types\/post"}],"author":[{"embeddable":true,"href":"https:\/\/vinasfm.com\/noticias\/wp-json\/wp\/v2\/users\/7"}],"replies":[{"embeddable":true,"href":"https:\/\/vinasfm.com\/noticias\/wp-json\/wp\/v2\/comments?post=114787"}],"version-history":[{"count":8,"href":"https:\/\/vinasfm.com\/noticias\/wp-json\/wp\/v2\/posts\/114787\/revisions"}],"predecessor-version":[{"id":114887,"href":"https:\/\/vinasfm.com\/noticias\/wp-json\/wp\/v2\/posts\/114787\/revisions\/114887"}],"wp:featuredmedia":[{"embeddable":true,"href":"https:\/\/vinasfm.com\/noticias\/wp-json\/wp\/v2\/media\/114790"}],"wp:attachment":[{"href":"https:\/\/vinasfm.com\/noticias\/wp-json\/wp\/v2\/media?parent=114787"}],"wp:term":[{"taxonomy":"category","embeddable":true,"href":"https:\/\/vinasfm.com\/noticias\/wp-json\/wp\/v2\/categories?post=114787"},{"taxonomy":"post_tag","embeddable":true,"href":"https:\/\/vinasfm.com\/noticias\/wp-json\/wp\/v2\/tags?post=114787"}],"curies":[{"name":"wp","href":"https:\/\/api.w.org\/{rel}","templated":true}]}}