{"id":114768,"date":"2022-10-19T09:26:03","date_gmt":"2022-10-19T12:26:03","guid":{"rendered":"http:\/\/vinasfm.com\/noticias\/?p=114768"},"modified":"2022-10-19T10:10:42","modified_gmt":"2022-10-19T13:10:42","slug":"alvear-mas-limpio-un-concurso-sobre-el-cuidado-ambiental","status":"publish","type":"post","link":"https:\/\/vinasfm.com\/noticias\/alvear-mas-limpio-un-concurso-sobre-el-cuidado-ambiental\/","title":{"rendered":"ALVEAR M\u00c1S LIMPIO: UN CONCURSO SOBRE EL CUIDADO AMBIENTAL"},"content":{"rendered":"<h4><strong>En el marco del D\u00eda Mundial de la Naturaleza, la Direcci\u00f3n de Gesti\u00f3n Ambiental, organiz\u00f3 un concurso que busca busca potenciar el cuidado de la naturaleza, el ambiente y capacitar acerca de la econom\u00eda circular.<\/strong><\/h4>\n<p><strong><em>&#8216;\u00bbAlvear m\u00e1s Limpio\u00bb es un concurso que busca concientizar acerca del cuidado del medio ambiente&#8217;<\/em><\/strong> expres\u00f3 Rainero Caterbetti, Director de Gesti\u00f3n Ambiental. El concurso que involucr\u00f3 a 15 escuelas del departamento consiste en que los alumnos puedan recolectar distintos materiales y aportar a la econom\u00eda circular. <em><strong>&#8216;Este a\u00f1o se ha conseguido recolectar m\u00e1s de doce mil kilos de residuos que se reincorporaron a la econom\u00eda&#8217;<\/strong><\/em> confirm\u00f3.<\/p>\n<p>La escuela ganadora del concurso fue Escuela San Cayetano, de Bowen, que logr\u00f3 recaudar cerca de 4\u00a0 kilos residuos. <em><strong>&#8216;Los ganadores van a realizar un viaje a Mendoza 3 d\u00edas y 2 noches, adem\u00e1s de otros premios&#8217; confirm\u00f3 y agreg\u00f3 &#8216;la instituci\u00f3n se llevar\u00e1 un banco construido con maderas recicladas&#8217;. El segundo puesto se lo llev\u00f3 la escuela 1-616 Amado Sad, &#8216;juntaron m\u00e1s de 3300 kilos de residuos, como premio tendr\u00e1n un viaje a Valle Grande&#8217;.<\/strong><\/em><\/p>\n<p><em><strong>&#8216;Es muy importante que de esta manera los chicos puedan aprender el concepto de econom\u00eda circular, la importancia que tiene el cuidado el ambiente y ser promotores en sus hogares de las t\u00e9cnicas de cuidados ambientales&#8217;<\/strong> <\/em>remarc\u00f3 el Director de Gesti\u00f3n Ambiental.<\/p>\n<p>Caterbetti destac\u00f3 el trabajo de lo ganadores<strong><em> &#8216;hicieron una importante campa\u00f1a en Bowen, con una gran movida de los vecinos y ser\u00e1 muy interesante conocer su experiencia en la entrega de premios, el d\u00eda 28 de octubre en las instalaciones de la Escuela San Cayetano&#8217;.<\/em><\/strong><\/p>\n<h6>General Alvear<\/h6>\n","protected":false},"excerpt":{"rendered":"<p>En el marco del D\u00eda Mundial de la Naturaleza, la Direcci\u00f3n de Gesti\u00f3n Ambiental, organiz\u00f3 un concurso que busca busca potenciar &#8230;<\/p>\n","protected":false},"author":7,"featured_media":114778,"comment_status":"open","ping_status":"open","sticky":false,"template":"","format":"standard","meta":{"footnotes":""},"categories":[5,34],"tags":[],"class_list":["post-114768","post","type-post","status-publish","format-standard","has-post-thumbnail","hentry","category-actualidad","category-medio-ambiente"],"_links":{"self":[{"href":"https:\/\/vinasfm.com\/noticias\/wp-json\/wp\/v2\/posts\/114768","targetHints":{"allow":["GET"]}}],"collection":[{"href":"https:\/\/vinasfm.com\/noticias\/wp-json\/wp\/v2\/posts"}],"about":[{"href":"https:\/\/vinasfm.com\/noticias\/wp-json\/wp\/v2\/types\/post"}],"author":[{"embeddable":true,"href":"https:\/\/vinasfm.com\/noticias\/wp-json\/wp\/v2\/users\/7"}],"replies":[{"embeddable":true,"href":"https:\/\/vinasfm.com\/noticias\/wp-json\/wp\/v2\/comments?post=114768"}],"version-history":[{"count":2,"href":"https:\/\/vinasfm.com\/noticias\/wp-json\/wp\/v2\/posts\/114768\/revisions"}],"predecessor-version":[{"id":114795,"href":"https:\/\/vinasfm.com\/noticias\/wp-json\/wp\/v2\/posts\/114768\/revisions\/114795"}],"wp:featuredmedia":[{"embeddable":true,"href":"https:\/\/vinasfm.com\/noticias\/wp-json\/wp\/v2\/media\/114778"}],"wp:attachment":[{"href":"https:\/\/vinasfm.com\/noticias\/wp-json\/wp\/v2\/media?parent=114768"}],"wp:term":[{"taxonomy":"category","embeddable":true,"href":"https:\/\/vinasfm.com\/noticias\/wp-json\/wp\/v2\/categories?post=114768"},{"taxonomy":"post_tag","embeddable":true,"href":"https:\/\/vinasfm.com\/noticias\/wp-json\/wp\/v2\/tags?post=114768"}],"curies":[{"name":"wp","href":"https:\/\/api.w.org\/{rel}","templated":true}]}}