{"id":114762,"date":"2022-10-19T07:00:17","date_gmt":"2022-10-19T10:00:17","guid":{"rendered":"http:\/\/vinasfm.com\/noticias\/?p=114762"},"modified":"2022-10-19T23:25:41","modified_gmt":"2022-10-20T02:25:41","slug":"tres-dia-de-duelo-y-banderas-a-media-asta-por-estudiante-fallecida","status":"publish","type":"post","link":"https:\/\/vinasfm.com\/noticias\/tres-dia-de-duelo-y-banderas-a-media-asta-por-estudiante-fallecida\/","title":{"rendered":"TRES D\u00cdA DE DUELO Y BANDERAS A MEDIA ASTA POR ESTUDIANTE FALLECIDA"},"content":{"rendered":"<h4><strong>As\u00ed lo resolvieron autoridades universitarias tras el fatal desenlace del accidente ocurrido el lunes 17 en El Challao. Responsables del gobierno de Rectorado y Facultades de Filosof\u00eda y Letras y Ciencias Econ\u00f3micas dispusieron, adem\u00e1s asistencia psicol\u00f3gica y m\u00e9dica para estudiantes heridos y sus familiares.<\/strong><\/h4>\n<p>Responsables del Gobierno de la UNCUYO decretaron 72 horas de duelo con banderas a media asta por el fallecimiento de Luc\u00eda Masman, estudiante de la Facultad de Ciencias Econ\u00f3micas de esa Casa de Estudios. De los tres d\u00edas de duelo, el primero ser\u00e1 hoy, mi\u00e9rcoles 19 de octubre, y ser\u00e1 con\u00a0<b>suspensi\u00f3n de actividades acad\u00e9micas y administrativas en la Universidad.<\/b><\/p>\n<p>La comunidad universitaria acompa\u00f1a a sus familiares, compa\u00f1eros, docentes y amigos en tan triste momento y la despide con profundo dolor.<\/p>\n<p>La Rectora Esther S\u00e1nchez, junto con funcionarios del Rectorado y los decanos de las facultades de Filosof\u00eda y Letras y Ciencias Econ\u00f3micas, visitaron a las familias de los estudiantes internados en el Hospital Central, los escucharon y se pusieron a disposici\u00f3n para ayudar. La Acad\u00e9mica instruy\u00f3, a trav\u00e9s de la Resoluci\u00f3n 3419\/2022, una investigaci\u00f3n interna para conocer en profundidad los detalles de la actividad previa al accidente.<\/p>\n<p>Adem\u00e1s, las facultades de Ciencias Econ\u00f3micas y de Filosof\u00eda y Letras pusieron a disposici\u00f3n de sus comunidades asistencia psicol\u00f3gica para quienes la requieran y el equipo de Salud Mental de Salud Estudiantil del Rectorado convoc\u00f3 a todos los interesados en participar a un espacio grupal de escucha y acompa\u00f1amiento para estudiantes o cualquier integrante de la comunidad que se sienta afectado por lo ocurrido.<\/p>\n<p>Esta reuni\u00f3n, que se propone realizar una escucha activa y acompa\u00f1amiento respetuoso y confidencial, tendr\u00e1 lugar el jueves 20 de octubre a las 11 en el Comedor Universitario.<\/p>\n<p>Valeria Goroso, t\u00eda de la joven fallecida, habl\u00f3 a primera hora de este mi\u00e9rcoles y pidi\u00f3 colaboraci\u00f3n para los gastos del sepelio y dej\u00f3 su n\u00famero para cualquier persona que quiera ayudar a la familia de Luc\u00eda <em><strong>2615860823<\/strong><\/em>.<\/p>\n","protected":false},"excerpt":{"rendered":"<p>As\u00ed lo resolvieron autoridades universitarias tras el fatal desenlace del accidente ocurrido el lunes 17 en El Challao. Responsables del gobierno &#8230;<\/p>\n","protected":false},"author":7,"featured_media":114766,"comment_status":"open","ping_status":"open","sticky":false,"template":"","format":"standard","meta":{"footnotes":""},"categories":[1],"tags":[],"class_list":["post-114762","post","type-post","status-publish","format-standard","has-post-thumbnail","hentry","category-fmvinas"],"_links":{"self":[{"href":"https:\/\/vinasfm.com\/noticias\/wp-json\/wp\/v2\/posts\/114762","targetHints":{"allow":["GET"]}}],"collection":[{"href":"https:\/\/vinasfm.com\/noticias\/wp-json\/wp\/v2\/posts"}],"about":[{"href":"https:\/\/vinasfm.com\/noticias\/wp-json\/wp\/v2\/types\/post"}],"author":[{"embeddable":true,"href":"https:\/\/vinasfm.com\/noticias\/wp-json\/wp\/v2\/users\/7"}],"replies":[{"embeddable":true,"href":"https:\/\/vinasfm.com\/noticias\/wp-json\/wp\/v2\/comments?post=114762"}],"version-history":[{"count":1,"href":"https:\/\/vinasfm.com\/noticias\/wp-json\/wp\/v2\/posts\/114762\/revisions"}],"predecessor-version":[{"id":114767,"href":"https:\/\/vinasfm.com\/noticias\/wp-json\/wp\/v2\/posts\/114762\/revisions\/114767"}],"wp:featuredmedia":[{"embeddable":true,"href":"https:\/\/vinasfm.com\/noticias\/wp-json\/wp\/v2\/media\/114766"}],"wp:attachment":[{"href":"https:\/\/vinasfm.com\/noticias\/wp-json\/wp\/v2\/media?parent=114762"}],"wp:term":[{"taxonomy":"category","embeddable":true,"href":"https:\/\/vinasfm.com\/noticias\/wp-json\/wp\/v2\/categories?post=114762"},{"taxonomy":"post_tag","embeddable":true,"href":"https:\/\/vinasfm.com\/noticias\/wp-json\/wp\/v2\/tags?post=114762"}],"curies":[{"name":"wp","href":"https:\/\/api.w.org\/{rel}","templated":true}]}}