{"id":114754,"date":"2022-10-19T08:00:12","date_gmt":"2022-10-19T11:00:12","guid":{"rendered":"http:\/\/vinasfm.com\/noticias\/?p=114754"},"modified":"2022-10-19T08:47:16","modified_gmt":"2022-10-19T11:47:16","slug":"el-cic-del-barrio-soemga-celebro-sus-15-anos","status":"publish","type":"post","link":"https:\/\/vinasfm.com\/noticias\/el-cic-del-barrio-soemga-celebro-sus-15-anos\/","title":{"rendered":"EL CIC DEL BARRIO SOEMGA CELEBR\u00d3 SUS 15 A\u00d1OS"},"content":{"rendered":"<h4><strong>El Centro Integrador Comunitario cumpli\u00f3 15 a\u00f1os de ejercicio y lo celebr\u00f3 con un acto en el cual acudieron decenas de vecinos, escuelas aleda\u00f1as y funcionarios p\u00fablicos.<\/strong><\/h4>\n<p><em><strong>&#8216;Parece que hemos empezado ayer y han pasado 15 a\u00f1os&#8217;<\/strong><\/em> expres\u00f3 la coordinadora del CIC del Barrio SOEMGA, Alicia Morales. <strong><em>&#8216;Hemos tenido lagrimas por situaciones que pasamos en el barrio&#8217; <\/em><\/strong>mencion\u00f3 y destac\u00f3 con fervor<strong><em> &#8216; <\/em><em>pero han sido muchas m\u00e1s de alegr\u00eda y eso es lo que nos ha ayudado a transcurrir estos 15 a\u00f1os&#8217;. <\/em><\/strong><\/p>\n<p>Al Centro Integrador Comunitario, acuden m\u00e1s de 120 personas para tomar clases en los distintos cursos que brindan, adem\u00e1s tienen un \u00e1rea dedicada a la educaci\u00f3n que cuenta con un CEBJA y un Centro de Atenci\u00f3n Educativa.<strong><em> &#8216;Todo el trabajo que realizamos, desde los talleres hasta el \u00e1rea de salud, llega a la comunidad&#8217;<\/em><\/strong> afirm\u00f3.<\/p>\n<p><strong><em>&#8216;Tratamos de que el CIC sea una referencia de lo que significa el municipio&#8217;<\/em><\/strong> manifest\u00f3 Morales y destac\u00f3 el acompa\u00f1amiento barrial <strong><em>&#8216;hoy en d\u00eda los vecinos son consientes del cuidado que necesita el lugar porque es propio del barrio&#8217;.<\/em><\/strong><\/p>\n<p>Por su parte, el Secretario de Gobierno Mariano Varela, felicit\u00f3 al personal de la instituci\u00f3n por <strong><em>&#8216;darle vida y trascendencia al lugar para que los vecinos tengan la atenci\u00f3n y contenci\u00f3n necesaria&#8217;. <\/em><\/strong><\/p>\n<p>El coordinador Miguel Sol\u00e1, aprovech\u00f3 la jornada para mencionar las obras que se est\u00e1n realizando <em><strong>&#8216;en una semana hemos reacondicionado los juegos, hemos colocado iluminaci\u00f3n LED para que las familias puedan disfrutar en verano&#8217;.<\/strong> <\/em>Tambi\u00e9n adelant\u00f3 el proyecto para colocarle nombres a las calles de la barriada, que ya est\u00e1 en marcha.<\/p>\n<h6>Gabriel Vallejos<\/h6>\n","protected":false},"excerpt":{"rendered":"<p>El Centro Integrador Comunitario cumpli\u00f3 15 a\u00f1os de ejercicio y lo celebr\u00f3 con un acto en el cual acudieron decenas de &#8230;<\/p>\n","protected":false},"author":7,"featured_media":114755,"comment_status":"open","ping_status":"open","sticky":false,"template":"","format":"standard","meta":{"footnotes":""},"categories":[1],"tags":[],"class_list":["post-114754","post","type-post","status-publish","format-standard","has-post-thumbnail","hentry","category-fmvinas"],"_links":{"self":[{"href":"https:\/\/vinasfm.com\/noticias\/wp-json\/wp\/v2\/posts\/114754","targetHints":{"allow":["GET"]}}],"collection":[{"href":"https:\/\/vinasfm.com\/noticias\/wp-json\/wp\/v2\/posts"}],"about":[{"href":"https:\/\/vinasfm.com\/noticias\/wp-json\/wp\/v2\/types\/post"}],"author":[{"embeddable":true,"href":"https:\/\/vinasfm.com\/noticias\/wp-json\/wp\/v2\/users\/7"}],"replies":[{"embeddable":true,"href":"https:\/\/vinasfm.com\/noticias\/wp-json\/wp\/v2\/comments?post=114754"}],"version-history":[{"count":1,"href":"https:\/\/vinasfm.com\/noticias\/wp-json\/wp\/v2\/posts\/114754\/revisions"}],"predecessor-version":[{"id":114756,"href":"https:\/\/vinasfm.com\/noticias\/wp-json\/wp\/v2\/posts\/114754\/revisions\/114756"}],"wp:featuredmedia":[{"embeddable":true,"href":"https:\/\/vinasfm.com\/noticias\/wp-json\/wp\/v2\/media\/114755"}],"wp:attachment":[{"href":"https:\/\/vinasfm.com\/noticias\/wp-json\/wp\/v2\/media?parent=114754"}],"wp:term":[{"taxonomy":"category","embeddable":true,"href":"https:\/\/vinasfm.com\/noticias\/wp-json\/wp\/v2\/categories?post=114754"},{"taxonomy":"post_tag","embeddable":true,"href":"https:\/\/vinasfm.com\/noticias\/wp-json\/wp\/v2\/tags?post=114754"}],"curies":[{"name":"wp","href":"https:\/\/api.w.org\/{rel}","templated":true}]}}