{"id":114731,"date":"2022-10-18T09:17:58","date_gmt":"2022-10-18T12:17:58","guid":{"rendered":"http:\/\/vinasfm.com\/noticias\/?p=114731"},"modified":"2022-10-18T11:28:03","modified_gmt":"2022-10-18T14:28:03","slug":"una-alumna-de-la-escuela-de-agricultura-representara-a-argentina-en-olimpiadas-junior-de-ciencias","status":"publish","type":"post","link":"https:\/\/vinasfm.com\/noticias\/una-alumna-de-la-escuela-de-agricultura-representara-a-argentina-en-olimpiadas-junior-de-ciencias\/","title":{"rendered":"UNA ALUMNA DE LA ESCUELA DE AGRICULTURA REPRESENTAR\u00c1 A ARGENTINA EN LAS OLIMPIADAS JUNIOR DE CIENCIAS"},"content":{"rendered":"<div class=\"xdj266r x11i5rnm xat24cr x1mh8g0r x1vvkbs x126k92a\">\n<div dir=\"auto\"><\/div>\n<div dir=\"auto\"><\/div>\n<div dir=\"auto\">A ponerse de pie para aplaudir bien fuerte a Micaela Rivas, que viajar\u00e1 a Colombia representando a la Argentina<\/div>\n<\/div>\n<div class=\"x11i5rnm xat24cr x1mh8g0r x1vvkbs xtlvy1s x126k92a\">\n<div dir=\"auto\">Pocos d\u00edas atr\u00e1s, les contamos que esta joven estudiante hab\u00eda sido preseleccionada para competir por un lugar en la instancia internacional, luego de su participaci\u00f3n llevada a cabo en la Ciudad de Mendoza, del 09 al 12 de octubre.<\/div>\n<div dir=\"auto\"><\/div>\n<div dir=\"auto\"><\/div>\n<div dir=\"auto\">Tambi\u00e9n, les comentamos que continuar\u00eda all\u00ed, ya que los d\u00edas posteriores deb\u00eda prepararse para el examen que le permitir\u00eda viajar a Colombia.<\/div>\n<\/div>\n<div class=\"x11i5rnm xat24cr x1mh8g0r x1vvkbs xtlvy1s x126k92a\">\n<div dir=\"auto\"><\/div>\n<div dir=\"auto\"><\/div>\n<div dir=\"auto\">Luego de rendir instancias escritas en F\u00edsica, Qu\u00edmica y Biolog\u00eda y diversas experiencias en el laboratorio, esta alumna de 3\u00b0 a\u00f1o de la EA \u00a0supo que ser\u00eda una de los seis chicos, que representar\u00e1 a nuestro pa\u00eds en la 19\u00b0 Edici\u00f3n de la \u00bb \u00bb (Olimp\u00edada Internacional de Ciencias Junior), que tendr\u00e1 lugar en Bogot\u00e1, del 02 al 12 de diciembre.<\/div>\n<\/div>\n<div class=\"x11i5rnm xat24cr x1mh8g0r x1vvkbs xtlvy1s x126k92a\">\n<div dir=\"auto\"><\/div>\n<div dir=\"auto\"><\/div>\n<div dir=\"auto\">Micaela, quien est\u00e1 feliz de haber conseguido esta hermosa oportunidad, comparte equipo con cuatro j\u00f3venes de la provincia de Buenos Aires y uno de La Pampa. Una vez que ellos est\u00e9n en Colombia, deber\u00e1n enfrentarse a dos ex\u00e1menes escritos de forma individual (\u00abmultiple choice\u00bb y resoluci\u00f3n de problemas) y uno experimental en grupos de tres.<\/div>\n<\/div>\n<div class=\"x11i5rnm xat24cr x1mh8g0r x1vvkbs xtlvy1s x126k92a\">\n<div dir=\"auto\"><\/div>\n<div dir=\"auto\"><\/div>\n<div dir=\"auto\">\u00a1\u00a1Felicitaciones para esta alumna ejemplar y sus profesores asesores, Natalia La Spina y Claudio Romero<\/div>\n<\/div>\n","protected":false},"excerpt":{"rendered":"<p>A ponerse de pie para aplaudir bien fuerte a Micaela Rivas, que viajar\u00e1 a Colombia representando a la Argentina Pocos d\u00edas &#8230;<\/p>\n","protected":false},"author":7,"featured_media":114732,"comment_status":"open","ping_status":"open","sticky":false,"template":"","format":"standard","meta":{"footnotes":""},"categories":[1],"tags":[],"class_list":["post-114731","post","type-post","status-publish","format-standard","has-post-thumbnail","hentry","category-fmvinas"],"_links":{"self":[{"href":"https:\/\/vinasfm.com\/noticias\/wp-json\/wp\/v2\/posts\/114731","targetHints":{"allow":["GET"]}}],"collection":[{"href":"https:\/\/vinasfm.com\/noticias\/wp-json\/wp\/v2\/posts"}],"about":[{"href":"https:\/\/vinasfm.com\/noticias\/wp-json\/wp\/v2\/types\/post"}],"author":[{"embeddable":true,"href":"https:\/\/vinasfm.com\/noticias\/wp-json\/wp\/v2\/users\/7"}],"replies":[{"embeddable":true,"href":"https:\/\/vinasfm.com\/noticias\/wp-json\/wp\/v2\/comments?post=114731"}],"version-history":[{"count":5,"href":"https:\/\/vinasfm.com\/noticias\/wp-json\/wp\/v2\/posts\/114731\/revisions"}],"predecessor-version":[{"id":114750,"href":"https:\/\/vinasfm.com\/noticias\/wp-json\/wp\/v2\/posts\/114731\/revisions\/114750"}],"wp:featuredmedia":[{"embeddable":true,"href":"https:\/\/vinasfm.com\/noticias\/wp-json\/wp\/v2\/media\/114732"}],"wp:attachment":[{"href":"https:\/\/vinasfm.com\/noticias\/wp-json\/wp\/v2\/media?parent=114731"}],"wp:term":[{"taxonomy":"category","embeddable":true,"href":"https:\/\/vinasfm.com\/noticias\/wp-json\/wp\/v2\/categories?post=114731"},{"taxonomy":"post_tag","embeddable":true,"href":"https:\/\/vinasfm.com\/noticias\/wp-json\/wp\/v2\/tags?post=114731"}],"curies":[{"name":"wp","href":"https:\/\/api.w.org\/{rel}","templated":true}]}}