{"id":114730,"date":"2022-10-18T09:46:40","date_gmt":"2022-10-18T12:46:40","guid":{"rendered":"http:\/\/vinasfm.com\/noticias\/?p=114730"},"modified":"2022-10-18T09:46:40","modified_gmt":"2022-10-18T12:46:40","slug":"nuevo-caso-de-violencia-en-el-futbol-alvearense","status":"publish","type":"post","link":"https:\/\/vinasfm.com\/noticias\/nuevo-caso-de-violencia-en-el-futbol-alvearense\/","title":{"rendered":"NUEVO CASO DE VIOLENCIA EN EL F\u00daTBOL ALVEARENSE"},"content":{"rendered":"<h4 class=\"article-body article-body--first-paragraph\" data-td-script-src=\"https:\/\/www.sitioandino.com.ar\/td\/modulos\/encuestas\/js\/function-embeds-min-version-1661266718.js\"><strong>Este fin de semana comenz\u00f3 el torneo\u00a0Regional Amateur y en General Alvear,\u00a0donde los equipos locales integran su zona junto a\u00a0Sportivo Pedal de San Rafael, se vivi\u00f3 un\u00a0desafortunado hecho que se produjo dentro del campo de juego y termin\u00f3 con un jugador herido.<\/strong><\/h4>\n<article class=\"article-body article-body--second-paragraph\"><strong>Cuando finalizaba el primer tiempo entre Argentino y Pacifico<\/strong> (en ese momento iban 2 a 1 en favor del equipo local), el volante David Garay fue golpeado desde atr\u00e1s por un defensor rival y eso le provoc\u00f3 graves heridas en su boca.<\/article>\n<article><\/article>\n<article class=\"article-body article-body--second-paragraph\">Atendido por una dentista post encuentro, la profesional determin\u00f3 que el mediocampista sufri\u00f3 una<strong>\u00a0luxaci\u00f3n dentaria con desplazamiento interno de elementos 21-21 -32 -31-42 y 41<\/strong>. <strong><em>&#8216;El golpe fue tan grande que hasta le podr\u00eda haber provocado una hemorragia&#8217;<\/em><\/strong>, comentaron.<\/article>\n<article><\/article>\n<article class=\"article-body article-body--second-paragraph\">La agresi\u00f3n recibida por Garay fue totalmente fuera de contexto ya que el partido transcurr\u00eda con normalidad. Vale aclarar que lo sucedido en cancha de Argentino se enmarca dentro de situaciones propias del juego y deber\u00e1n ser sancionadas por el Tribunal de Disciplina de la entidad organizadora.<\/article>\n<article><\/article>\n<article class=\"article-body article-body--second-paragraph\">La denuncia por este episodio fue realizada ante un <strong>ayudante fiscal de Alvear y en principio, seg\u00fan comento, la car\u00e1tula es por \u201clesiones leves\u201d<\/strong> pero habr\u00e1 que ver que determina la investigaci\u00f3n del caso.<\/article>\n<article><\/article>\n<article class=\"article-body article-body--second-paragraph\">A su vez, el funcionario judicial reconoci\u00f3 que han hecho la\u00a0<strong>citaci\u00f3n al \u00e1rbitro del partido y que esperan el examen del m\u00e9dico forense.<\/strong><\/article>\n","protected":false},"excerpt":{"rendered":"<p>Este fin de semana comenz\u00f3 el torneo\u00a0Regional Amateur y en General Alvear,\u00a0donde los equipos locales integran su zona junto a\u00a0Sportivo Pedal &#8230;<\/p>\n","protected":false},"author":7,"featured_media":114738,"comment_status":"open","ping_status":"open","sticky":false,"template":"","format":"standard","meta":{"footnotes":""},"categories":[1],"tags":[],"class_list":["post-114730","post","type-post","status-publish","format-standard","has-post-thumbnail","hentry","category-fmvinas"],"_links":{"self":[{"href":"https:\/\/vinasfm.com\/noticias\/wp-json\/wp\/v2\/posts\/114730","targetHints":{"allow":["GET"]}}],"collection":[{"href":"https:\/\/vinasfm.com\/noticias\/wp-json\/wp\/v2\/posts"}],"about":[{"href":"https:\/\/vinasfm.com\/noticias\/wp-json\/wp\/v2\/types\/post"}],"author":[{"embeddable":true,"href":"https:\/\/vinasfm.com\/noticias\/wp-json\/wp\/v2\/users\/7"}],"replies":[{"embeddable":true,"href":"https:\/\/vinasfm.com\/noticias\/wp-json\/wp\/v2\/comments?post=114730"}],"version-history":[{"count":2,"href":"https:\/\/vinasfm.com\/noticias\/wp-json\/wp\/v2\/posts\/114730\/revisions"}],"predecessor-version":[{"id":114740,"href":"https:\/\/vinasfm.com\/noticias\/wp-json\/wp\/v2\/posts\/114730\/revisions\/114740"}],"wp:featuredmedia":[{"embeddable":true,"href":"https:\/\/vinasfm.com\/noticias\/wp-json\/wp\/v2\/media\/114738"}],"wp:attachment":[{"href":"https:\/\/vinasfm.com\/noticias\/wp-json\/wp\/v2\/media?parent=114730"}],"wp:term":[{"taxonomy":"category","embeddable":true,"href":"https:\/\/vinasfm.com\/noticias\/wp-json\/wp\/v2\/categories?post=114730"},{"taxonomy":"post_tag","embeddable":true,"href":"https:\/\/vinasfm.com\/noticias\/wp-json\/wp\/v2\/tags?post=114730"}],"curies":[{"name":"wp","href":"https:\/\/api.w.org\/{rel}","templated":true}]}}