{"id":114723,"date":"2022-10-18T08:53:43","date_gmt":"2022-10-18T11:53:43","guid":{"rendered":"http:\/\/vinasfm.com\/noticias\/?p=114723"},"modified":"2022-10-18T08:53:43","modified_gmt":"2022-10-18T11:53:43","slug":"informe-policial-sobre-el-ultimo-fin-de-semana-en-general-alvear","status":"publish","type":"post","link":"https:\/\/vinasfm.com\/noticias\/informe-policial-sobre-el-ultimo-fin-de-semana-en-general-alvear\/","title":{"rendered":"INFORME POLICIAL SOBRE EL \u00daLTIMO FIN DE SEMANA EN GENERAL ALVEAR"},"content":{"rendered":"<h4><strong>En dialogo con F.M VI\u00d1AS, el Sub. Crio Jos\u00e9 L\u00f3pez brindo informaci\u00f3n acerca de los hechos delictivos ocurridos en el transcurso del pasado fin de semana.<\/strong><\/h4>\n<p>El d\u00eda <strong><em>viernes a las 15:20hs<\/em><\/strong> en la intersecci\u00f3n Ing. Lange y Mitre robaron las ruedas de una bicicleta que se encontraba atada sobre un poste de luz. A ra\u00edz de un llamado realizado al 911, personal de Investigaci\u00f3n realiza un allanamiento en Barrio San Sacarlos y logra dar con las ruedas en el domicilio. una persona fue detenida e imputada pero fue liberada posteriormente debido a no tener antecedentes.<\/p>\n<p>En el transcurso del <em><strong>viernes, al rededor de las 23hs<\/strong><\/em>, un moto Zanella 110cc fue sustra\u00edda de la vereda de una vivienda en la calle 26 de julio 150. La moto solo contaba con la traba de manubrio como medio de seguridad. Trabaja en el caso personal de Investigaci\u00f3n.<\/p>\n<p>El <strong><em>domingo 16<\/em><\/strong>, un menor de edad fue victima de un robo en la intersecci\u00f3n de Diag, Jorge Sim\u00f3n y Av. Roque S\u00e1enz Pe\u00f1a. Se especula que el robo fue producido por otros dos menores de edad, que portaba un arma blanca. La victima se present\u00f3 enseguida a realizar la denuncia en Cria. 14 e inform\u00f3 que le hab\u00edan sustra\u00eddo un celular marca IPhone 8 color negro. Trabaja Investigaciones para aclarecer el hecho.<\/p>\n<p>El <strong><em>lunes a las 7:30<\/em><\/strong> hs un hombre fue victima del robo de una motocicleta Zanella 150cc en la vereda de su vivienda, ubicada en Alpatacal 250. Concurri\u00f3 a realizar la denuncia correspondiente para que se actu\u00e9 en consecuencia e intentar dar con el paradero del veh\u00edculo.<\/p>\n<h6>Gabriel Vallejos<\/h6>\n","protected":false},"excerpt":{"rendered":"<p>En dialogo con F.M VI\u00d1AS, el Sub. Crio Jos\u00e9 L\u00f3pez brindo informaci\u00f3n acerca de los hechos delictivos ocurridos en el transcurso &#8230;<\/p>\n","protected":false},"author":7,"featured_media":101629,"comment_status":"open","ping_status":"open","sticky":false,"template":"","format":"standard","meta":{"footnotes":""},"categories":[1,4],"tags":[],"class_list":["post-114723","post","type-post","status-publish","format-standard","has-post-thumbnail","hentry","category-fmvinas","category-policiales"],"_links":{"self":[{"href":"https:\/\/vinasfm.com\/noticias\/wp-json\/wp\/v2\/posts\/114723","targetHints":{"allow":["GET"]}}],"collection":[{"href":"https:\/\/vinasfm.com\/noticias\/wp-json\/wp\/v2\/posts"}],"about":[{"href":"https:\/\/vinasfm.com\/noticias\/wp-json\/wp\/v2\/types\/post"}],"author":[{"embeddable":true,"href":"https:\/\/vinasfm.com\/noticias\/wp-json\/wp\/v2\/users\/7"}],"replies":[{"embeddable":true,"href":"https:\/\/vinasfm.com\/noticias\/wp-json\/wp\/v2\/comments?post=114723"}],"version-history":[{"count":2,"href":"https:\/\/vinasfm.com\/noticias\/wp-json\/wp\/v2\/posts\/114723\/revisions"}],"predecessor-version":[{"id":114729,"href":"https:\/\/vinasfm.com\/noticias\/wp-json\/wp\/v2\/posts\/114723\/revisions\/114729"}],"wp:featuredmedia":[{"embeddable":true,"href":"https:\/\/vinasfm.com\/noticias\/wp-json\/wp\/v2\/media\/101629"}],"wp:attachment":[{"href":"https:\/\/vinasfm.com\/noticias\/wp-json\/wp\/v2\/media?parent=114723"}],"wp:term":[{"taxonomy":"category","embeddable":true,"href":"https:\/\/vinasfm.com\/noticias\/wp-json\/wp\/v2\/categories?post=114723"},{"taxonomy":"post_tag","embeddable":true,"href":"https:\/\/vinasfm.com\/noticias\/wp-json\/wp\/v2\/tags?post=114723"}],"curies":[{"name":"wp","href":"https:\/\/api.w.org\/{rel}","templated":true}]}}