{"id":114658,"date":"2022-10-17T00:01:28","date_gmt":"2022-10-17T03:01:28","guid":{"rendered":"http:\/\/vinasfm.com\/noticias\/?p=114658"},"modified":"2022-10-17T08:00:53","modified_gmt":"2022-10-17T11:00:53","slug":"general-alvear-tendra-un-nuevo-paseo-del-artesano-e-informador-turistico","status":"publish","type":"post","link":"https:\/\/vinasfm.com\/noticias\/general-alvear-tendra-un-nuevo-paseo-del-artesano-e-informador-turistico\/","title":{"rendered":"GENERAL ALVEAR TENDR\u00c1 UN NUEVO PASEO DEL ARTESANO E INFORMADOR TUR\u00cdSTICO"},"content":{"rendered":"<h4><strong>En la ma\u00f1ana de ayer domingo se realiz\u00f3 la presentaci\u00f3n del proyecto y acto de iniciaci\u00f3n para la construcci\u00f3n del nuevo Paseo del Artesano e informador Tur\u00edstico del KM 0 <\/strong><\/h4>\n<p>Primeramente, Walther Marcolini en su discurso dijo: <strong><em>\u2018Esta obra va a cambiar el ingreso de General Alvear, est\u00e1 muy pensado para toda la ciudadan\u00eda, para un paseo nuevo de envergadura, de buena calidad, armonioso en lo est\u00e9tico para que nuestros artesanos tengan un lugar digno para recibir a los turistas, pero adem\u00e1s tambi\u00e9n est\u00e1 muy pensando para nuestros comerciantes, es un trabajo de todo el equipo por supuesto muy involucrado desarrollo econ\u00f3mico y obras p\u00fablicas\u2019<\/em><\/strong><\/p>\n<p>Asimismo, la Coordinadora de Econom\u00eda Social Valeria Mart\u00ednez resalto: <strong><em>\u2018Nosotros seguimos una convicci\u00f3n que es el desarrollo del departamento, esto es un trabajo totalmente en equipo si bien a nosotros nos toca desde la secretar\u00eda de desarrollo haber sido los pioneros no habr\u00eda sido posible sin hacienda, gobierno, obras y sobre todo por la gente. Francamente se viene un trabajo arduo, pero tenemos que pensar en las cosas que la haga innovadora para su desempe\u00f1o\u2019<\/em><\/strong><\/p>\n<p>Del mismo modo la Directora de Turismo Fabiana Gonzales aporto: <strong><em>\u2018La verdad que un d\u00eda feliz para la secretaria de desarrollo econ\u00f3mico, direcci\u00f3n de turismo, econom\u00eda social y sobre todo para los alvearenses porque esto es una obra que viene a transformar a nuestro departamento\u2019<\/em><\/strong><\/p>\n<h6><strong>Ludmila Lucero<\/strong><\/h6>\n","protected":false},"excerpt":{"rendered":"<p>En la ma\u00f1ana de ayer domingo se realiz\u00f3 la presentaci\u00f3n del proyecto y acto de iniciaci\u00f3n para la construcci\u00f3n del nuevo &#8230;<\/p>\n","protected":false},"author":7,"featured_media":114659,"comment_status":"open","ping_status":"open","sticky":false,"template":"","format":"standard","meta":{"footnotes":""},"categories":[1],"tags":[],"class_list":["post-114658","post","type-post","status-publish","format-standard","has-post-thumbnail","hentry","category-fmvinas"],"_links":{"self":[{"href":"https:\/\/vinasfm.com\/noticias\/wp-json\/wp\/v2\/posts\/114658","targetHints":{"allow":["GET"]}}],"collection":[{"href":"https:\/\/vinasfm.com\/noticias\/wp-json\/wp\/v2\/posts"}],"about":[{"href":"https:\/\/vinasfm.com\/noticias\/wp-json\/wp\/v2\/types\/post"}],"author":[{"embeddable":true,"href":"https:\/\/vinasfm.com\/noticias\/wp-json\/wp\/v2\/users\/7"}],"replies":[{"embeddable":true,"href":"https:\/\/vinasfm.com\/noticias\/wp-json\/wp\/v2\/comments?post=114658"}],"version-history":[{"count":2,"href":"https:\/\/vinasfm.com\/noticias\/wp-json\/wp\/v2\/posts\/114658\/revisions"}],"predecessor-version":[{"id":114664,"href":"https:\/\/vinasfm.com\/noticias\/wp-json\/wp\/v2\/posts\/114658\/revisions\/114664"}],"wp:featuredmedia":[{"embeddable":true,"href":"https:\/\/vinasfm.com\/noticias\/wp-json\/wp\/v2\/media\/114659"}],"wp:attachment":[{"href":"https:\/\/vinasfm.com\/noticias\/wp-json\/wp\/v2\/media?parent=114658"}],"wp:term":[{"taxonomy":"category","embeddable":true,"href":"https:\/\/vinasfm.com\/noticias\/wp-json\/wp\/v2\/categories?post=114658"},{"taxonomy":"post_tag","embeddable":true,"href":"https:\/\/vinasfm.com\/noticias\/wp-json\/wp\/v2\/tags?post=114658"}],"curies":[{"name":"wp","href":"https:\/\/api.w.org\/{rel}","templated":true}]}}