{"id":114641,"date":"2022-10-15T10:13:32","date_gmt":"2022-10-15T13:13:32","guid":{"rendered":"http:\/\/vinasfm.com\/noticias\/?p=114641"},"modified":"2022-10-15T10:13:32","modified_gmt":"2022-10-15T13:13:32","slug":"un-nuevo-aniversario-para-el-cic-del-barrio-soemga","status":"publish","type":"post","link":"https:\/\/vinasfm.com\/noticias\/un-nuevo-aniversario-para-el-cic-del-barrio-soemga\/","title":{"rendered":"UN NUEVO ANIVERSARIO PARA EL CIC DEL BARRIO SOEMGA"},"content":{"rendered":"<h4><strong>La pr\u00f3xima semana el CIC del barrio Soemga cumple 15 a\u00f1os y su coordinadora, Alicia Morales, adelant\u00f3 las actividades que se realizar\u00e1n.<\/strong><\/h4>\n<p>&#8216;<em><strong>El 18 de octubre nuestro CIC cumple 15 a\u00f1os&#8217;<\/strong><\/em> anunci\u00f3 Alicia Morales,<strong><em> &#8216;a las 10 de la ma\u00f1ana se va a realizar un acto protocolar, hemos invitados a las escuelas aleda\u00f1as y a todos los vecinos&#8217;.<\/em> <\/strong>Adem\u00e1s del acto protocolar<em><strong> &#8216;se va a realizar una exposici\u00f3n con todos los talleres que brinda el cic&#8217;. A las 18 hs vamos a realizar un festejo por el d\u00eda de la madre, c\u00f3mo hacemos a\u00f1o a a\u00f1o&#8217;.<\/strong><\/em><\/p>\n<p>En los 15 a\u00f1os de funcionamiento que tiene el CIC, han pasado alrededor de 45 talleres, <em><strong>&#8216;uno no se pone contento porque se encuentra con distintas personas que pasaron por ac\u00e1 y han aprendido a hacer muchas cosas, que hoy pueden comercializar&#8217;<\/strong> <\/em>expres\u00f3 Morales. Al lugar asisten personas de la zona, pero tambi\u00e9n de otros rincones del departamento como San Pedro del Atuel, Bowen y distritos de San Rafael como Real Del Padre.<\/p>\n<p>El Centro Integrador Comunitario tambi\u00e9n brinda la posibilidad de acceder a los servicios de salud y sanidad, para las personas que no pueden trasladarse hacia el hospital.<\/p>\n<p>Aunque el CIC tiene un sin fin de actividades, su coordinadora admite que &#8216;<em><strong>lo \u00fanico que nos ha faltado trabajar es una Cooperativa de trabajo&#8217;<\/strong><\/em> pero agrega que <strong><em>&#8216;ahora la idea es trabajar con la Cooperativa Algarrobo Bonito&#8217;.<\/em><\/strong><\/p>\n<h6>Gabriel Vallejos<\/h6>\n<p>&nbsp;<\/p>\n","protected":false},"excerpt":{"rendered":"<p>La pr\u00f3xima semana el CIC del barrio Soemga cumple 15 a\u00f1os y su coordinadora, Alicia Morales, adelant\u00f3 las actividades que se &#8230;<\/p>\n","protected":false},"author":7,"featured_media":114644,"comment_status":"open","ping_status":"open","sticky":false,"template":"","format":"standard","meta":{"footnotes":""},"categories":[1],"tags":[],"class_list":["post-114641","post","type-post","status-publish","format-standard","has-post-thumbnail","hentry","category-fmvinas"],"_links":{"self":[{"href":"https:\/\/vinasfm.com\/noticias\/wp-json\/wp\/v2\/posts\/114641","targetHints":{"allow":["GET"]}}],"collection":[{"href":"https:\/\/vinasfm.com\/noticias\/wp-json\/wp\/v2\/posts"}],"about":[{"href":"https:\/\/vinasfm.com\/noticias\/wp-json\/wp\/v2\/types\/post"}],"author":[{"embeddable":true,"href":"https:\/\/vinasfm.com\/noticias\/wp-json\/wp\/v2\/users\/7"}],"replies":[{"embeddable":true,"href":"https:\/\/vinasfm.com\/noticias\/wp-json\/wp\/v2\/comments?post=114641"}],"version-history":[{"count":3,"href":"https:\/\/vinasfm.com\/noticias\/wp-json\/wp\/v2\/posts\/114641\/revisions"}],"predecessor-version":[{"id":114646,"href":"https:\/\/vinasfm.com\/noticias\/wp-json\/wp\/v2\/posts\/114641\/revisions\/114646"}],"wp:featuredmedia":[{"embeddable":true,"href":"https:\/\/vinasfm.com\/noticias\/wp-json\/wp\/v2\/media\/114644"}],"wp:attachment":[{"href":"https:\/\/vinasfm.com\/noticias\/wp-json\/wp\/v2\/media?parent=114641"}],"wp:term":[{"taxonomy":"category","embeddable":true,"href":"https:\/\/vinasfm.com\/noticias\/wp-json\/wp\/v2\/categories?post=114641"},{"taxonomy":"post_tag","embeddable":true,"href":"https:\/\/vinasfm.com\/noticias\/wp-json\/wp\/v2\/tags?post=114641"}],"curies":[{"name":"wp","href":"https:\/\/api.w.org\/{rel}","templated":true}]}}