{"id":114608,"date":"2022-10-14T08:57:30","date_gmt":"2022-10-14T11:57:30","guid":{"rendered":"http:\/\/vinasfm.com\/noticias\/?p=114608"},"modified":"2022-10-14T09:27:31","modified_gmt":"2022-10-14T12:27:31","slug":"los-incendios-ocurridos-en-carmensa-y-real-del-padre-ocacionaron-danos-en-tendidos-electricos","status":"publish","type":"post","link":"https:\/\/vinasfm.com\/noticias\/los-incendios-ocurridos-en-carmensa-y-real-del-padre-ocacionaron-danos-en-tendidos-electricos\/","title":{"rendered":"LOS INCENDIOS OCURRIDOS EN CARMENSA Y REAL DEL PADRE OCACIONARON DA\u00d1OS EN TENDIDOS EL\u00c9CTRICOS"},"content":{"rendered":"<p>El siniestro ocurri\u00f3 en la zona de la Toma ubicada en el distrito de Carmensa, ocasion\u00f3 da\u00f1os en un tendido de Baja Tensi\u00f3n, el personal de Cecsagal debi\u00f3 reponer cinco postes que fueron alcanzados por las llamas. Asimismo se trabaj\u00f3 en Calle Chaco, de Real del Padre, donde otro incendio provoc\u00f3 da\u00f1os en el tendido el\u00e9ctrico que se encuentra en ese lugar.<\/p>\n<p>&nbsp;<\/p>\n","protected":false},"excerpt":{"rendered":"<p>El siniestro ocurri\u00f3 en la zona de la Toma ubicada en el distrito de Carmensa, ocasion\u00f3 da\u00f1os en un tendido de &#8230;<\/p>\n","protected":false},"author":7,"featured_media":114610,"comment_status":"open","ping_status":"open","sticky":false,"template":"","format":"standard","meta":{"footnotes":""},"categories":[5,10],"tags":[],"class_list":["post-114608","post","type-post","status-publish","format-standard","has-post-thumbnail","hentry","category-actualidad","category-destacadas"],"_links":{"self":[{"href":"https:\/\/vinasfm.com\/noticias\/wp-json\/wp\/v2\/posts\/114608","targetHints":{"allow":["GET"]}}],"collection":[{"href":"https:\/\/vinasfm.com\/noticias\/wp-json\/wp\/v2\/posts"}],"about":[{"href":"https:\/\/vinasfm.com\/noticias\/wp-json\/wp\/v2\/types\/post"}],"author":[{"embeddable":true,"href":"https:\/\/vinasfm.com\/noticias\/wp-json\/wp\/v2\/users\/7"}],"replies":[{"embeddable":true,"href":"https:\/\/vinasfm.com\/noticias\/wp-json\/wp\/v2\/comments?post=114608"}],"version-history":[{"count":1,"href":"https:\/\/vinasfm.com\/noticias\/wp-json\/wp\/v2\/posts\/114608\/revisions"}],"predecessor-version":[{"id":114611,"href":"https:\/\/vinasfm.com\/noticias\/wp-json\/wp\/v2\/posts\/114608\/revisions\/114611"}],"wp:featuredmedia":[{"embeddable":true,"href":"https:\/\/vinasfm.com\/noticias\/wp-json\/wp\/v2\/media\/114610"}],"wp:attachment":[{"href":"https:\/\/vinasfm.com\/noticias\/wp-json\/wp\/v2\/media?parent=114608"}],"wp:term":[{"taxonomy":"category","embeddable":true,"href":"https:\/\/vinasfm.com\/noticias\/wp-json\/wp\/v2\/categories?post=114608"},{"taxonomy":"post_tag","embeddable":true,"href":"https:\/\/vinasfm.com\/noticias\/wp-json\/wp\/v2\/tags?post=114608"}],"curies":[{"name":"wp","href":"https:\/\/api.w.org\/{rel}","templated":true}]}}