{"id":114598,"date":"2022-10-14T08:16:53","date_gmt":"2022-10-14T11:16:53","guid":{"rendered":"http:\/\/vinasfm.com\/noticias\/?p=114598"},"modified":"2022-10-14T10:25:12","modified_gmt":"2022-10-14T13:25:12","slug":"asi-estara-el-pronostico-este-fin-de-semana","status":"publish","type":"post","link":"https:\/\/vinasfm.com\/noticias\/asi-estara-el-pronostico-este-fin-de-semana\/","title":{"rendered":"AS\u00cd ESTAR\u00c1 EL PRON\u00d3STICO ESTE FIN DE SEMANA SEG\u00daN INFORMACI\u00d3N DE DEFENSA CIVIL DE NUESTRA CIUDAD"},"content":{"rendered":"<h4>La presencia de jornadas con alta presi\u00f3n atmosf\u00e9rica y con escasa humedad, permite que no haya presencia de inestabilidad. Noches con escasa nubosidad dan lugar a madrugadas y ma\u00f1anas muy fr\u00edas con heladas parciales y tardes de templadas a c\u00e1lidas y con presencia de viento de intensidad d\u00e9bil a moderada seg\u00fan la informaci\u00f3n suministrada por Defensa Civil de nuestra ciudad.<\/h4>\n<p><strong>Viernes<\/strong><\/p>\n<p>Viento norte-noreste de intensidad d\u00e9bil a moderada y cielo con escasa nubosidad, alta presi\u00f3n atmosf\u00e9rica. Ascenso de temperatura, la m\u00e1xima ser\u00e1 de 23 \u00b0C y la m\u00ednima de 3 \u00b0C (zona urbana).<\/p>\n<p><strong>S\u00e1bado<\/strong><\/p>\n<p>Viento sureste en la madrugada-ma\u00f1ana y luego del norte-noreste de intensidad d\u00e9bil a moderada y cielo con algo de nubosidad. Ascenso de temperatura, la m\u00e1xima ser\u00e1 de 25 \u00b0C y la m\u00ednima de 6 \u00b0C (zona urbana).<\/p>\n<p><strong>Domingo<\/strong><\/p>\n<p>Viento norte-noreste de intensidad moderada a fuerte hacia la tarde-noche, m\u00e1s que nada en la zona este de campo, incremento de nubosidad y formaci\u00f3n de n\u00facleos de tormenta hacia el oeste de nuestro departamento, desde las 18 hs. aproximadamente. A partir de las 20 hs. Posibilidad de lluvias aisladas sobre ciudad y distritos. Ascenso de temperatura, la m\u00e1xima ser\u00e1 de 27 \u00b0C y la m\u00ednima de 7 \u00b0C.<\/p>\n<p><strong>Lunes<\/strong><\/p>\n<p>Viento de intensidad moderada a fuerte en zona de secano, del este y desde el mediod\u00eda viento sur de intensidad d\u00e9bil a moderada, cielo nublado con formaci\u00f3n de n\u00facleos de tormenta. Precipitaciones aisladas desde la madrugada y a lo largo de todo el d\u00eda. Marcado descenso de temperatura, la m\u00e1xima ser\u00e1 de 20 \u00b0C y la m\u00ednima de 9 \u00b0C.<\/p>\n<p><strong>Martes<\/strong><\/p>\n<p>Se mantienen las condiciones de inestabilidad.<\/p>\n","protected":false},"excerpt":{"rendered":"<p>La presencia de jornadas con alta presi\u00f3n atmosf\u00e9rica y con escasa humedad, permite que no haya presencia de inestabilidad. Noches con &#8230;<\/p>\n","protected":false},"author":7,"featured_media":62598,"comment_status":"open","ping_status":"open","sticky":false,"template":"","format":"standard","meta":{"footnotes":""},"categories":[5,36],"tags":[],"class_list":["post-114598","post","type-post","status-publish","format-standard","has-post-thumbnail","hentry","category-actualidad","category-pronostico"],"_links":{"self":[{"href":"https:\/\/vinasfm.com\/noticias\/wp-json\/wp\/v2\/posts\/114598","targetHints":{"allow":["GET"]}}],"collection":[{"href":"https:\/\/vinasfm.com\/noticias\/wp-json\/wp\/v2\/posts"}],"about":[{"href":"https:\/\/vinasfm.com\/noticias\/wp-json\/wp\/v2\/types\/post"}],"author":[{"embeddable":true,"href":"https:\/\/vinasfm.com\/noticias\/wp-json\/wp\/v2\/users\/7"}],"replies":[{"embeddable":true,"href":"https:\/\/vinasfm.com\/noticias\/wp-json\/wp\/v2\/comments?post=114598"}],"version-history":[{"count":3,"href":"https:\/\/vinasfm.com\/noticias\/wp-json\/wp\/v2\/posts\/114598\/revisions"}],"predecessor-version":[{"id":114626,"href":"https:\/\/vinasfm.com\/noticias\/wp-json\/wp\/v2\/posts\/114598\/revisions\/114626"}],"wp:featuredmedia":[{"embeddable":true,"href":"https:\/\/vinasfm.com\/noticias\/wp-json\/wp\/v2\/media\/62598"}],"wp:attachment":[{"href":"https:\/\/vinasfm.com\/noticias\/wp-json\/wp\/v2\/media?parent=114598"}],"wp:term":[{"taxonomy":"category","embeddable":true,"href":"https:\/\/vinasfm.com\/noticias\/wp-json\/wp\/v2\/categories?post=114598"},{"taxonomy":"post_tag","embeddable":true,"href":"https:\/\/vinasfm.com\/noticias\/wp-json\/wp\/v2\/tags?post=114598"}],"curies":[{"name":"wp","href":"https:\/\/api.w.org\/{rel}","templated":true}]}}