{"id":114597,"date":"2022-10-14T08:49:31","date_gmt":"2022-10-14T11:49:31","guid":{"rendered":"http:\/\/vinasfm.com\/noticias\/?p=114597"},"modified":"2022-10-14T08:49:31","modified_gmt":"2022-10-14T11:49:31","slug":"el-ministerio-de-salud-presento-su-pauta-pre-supuestaria-para-2023","status":"publish","type":"post","link":"https:\/\/vinasfm.com\/noticias\/el-ministerio-de-salud-presento-su-pauta-pre-supuestaria-para-2023\/","title":{"rendered":"EL MINISTERIO DE SALUD PRESENT\u00d3 SU PAUTA PRE-SUPUESTARIA PARA 2023"},"content":{"rendered":"<h4><strong>La ministra de Salud, Desarrollo Social y Deportes, Ana Nadal, con miembros de esa cartera, expuso ante las comisiones de Hacienda de ambas C\u00e1maras los detalles del Presupuesto previsto para 2023.<\/strong><\/h4>\n<p>La funcionaria indic\u00f3 que se ha proyectado un total de 151.286 millones de pesos en total, incluido OSEP, distribuidos en: 93.928 millones de pesos para Salud; 14.450 millones de pesos\u00a0 para Desarrollo Social; 1.434 millones para Deportes, y\u00a0 para la Obra Social de Empleados P\u00fablicos (OSEP), 41.474 millones de pesos.<\/p>\n<p><em><strong>\u201cEste sistema sanitario lo que pretende es profundizar un modelo de gesti\u00f3n, que tiene como objetivo fundamental articular los niveles de atenci\u00f3n tanto el primero como el segundo y el tercero, de manera de poder lograr y profundizar lo que ya se ha venido trabajando\u201d.<\/strong><\/em><\/p>\n<p>Agreg\u00f3 que <em><strong>\u201cbuscamos articular de tal manera los niveles de atenci\u00f3n, que teniendo un principio de apertura del sistema de salud en el primer nivel de atenci\u00f3n, en la atenci\u00f3n primaria, en la territorialidad, en la cercan\u00eda de las personas con el sistema de salud, poder generar un orden, avanzando en los distintos niveles de atenci\u00f3n pero de manera articulada e integral evitando la fragmentaci\u00f3n\u201d.<\/strong><\/em><\/p>\n<p>En los distintos niveles expuestos, desde el Ministerio se expres\u00f3 que hay <em><strong>\u201cl\u00edneas de cuidado priorizadas\u201d<\/strong><\/em>, por lo que se encuentran en ese primer nivel, como Maternidad, Infancia y Adolescencia con acciones referidas al cuidado del embarazo, al seguimiento del Ni\u00f1o-Ni\u00f1a menor de diez a\u00f1os, y del Adolescente de 10 a 19 a\u00f1os, y el proyecto de Atenci\u00f3n Integral del Adolescente; entre otros.<\/p>\n<p>En el segundo nivel, y dentro de las l\u00edneas priorizadas, se encuentran las enfermedades cr\u00f3nicas transmisibles y no transmisibles donde se cuentan acciones como tamizaje del c\u00e1ncer colorrectal, diagn\u00f3stico y tratamiento del c\u00e1ncer c\u00e9rvico-uterino \u2013 HPV; diagn\u00f3stico y tratamiento del c\u00e1ncer de mama; seguimiento de adultos con diabetes, y con hipertensi\u00f3n arterial.<\/p>\n<p>Ya en el tercer nivel, se encuentra la Salud Mental con un abordaje y contenci\u00f3n de ni\u00f1os\/as y adolescentes en centros de d\u00eda con capacitaciones y talleres; adem\u00e1s de la detecci\u00f3n de<\/p>\n<p><strong><em>\u201cLa planificaci\u00f3n est\u00e1 pensada como una pol\u00edtica p\u00fablica, no tiene car\u00e1cter revolucionario sino que tiene car\u00e1cter de evoluci\u00f3n\u201d<\/em><\/strong>, se\u00f1al\u00f3 Nadal.<\/p>\n","protected":false},"excerpt":{"rendered":"<p>La ministra de Salud, Desarrollo Social y Deportes, Ana Nadal, con miembros de esa cartera, expuso ante las comisiones de Hacienda &#8230;<\/p>\n","protected":false},"author":7,"featured_media":114599,"comment_status":"open","ping_status":"open","sticky":false,"template":"","format":"standard","meta":{"footnotes":""},"categories":[5,15],"tags":[],"class_list":["post-114597","post","type-post","status-publish","format-standard","has-post-thumbnail","hentry","category-actualidad","category-salud"],"_links":{"self":[{"href":"https:\/\/vinasfm.com\/noticias\/wp-json\/wp\/v2\/posts\/114597","targetHints":{"allow":["GET"]}}],"collection":[{"href":"https:\/\/vinasfm.com\/noticias\/wp-json\/wp\/v2\/posts"}],"about":[{"href":"https:\/\/vinasfm.com\/noticias\/wp-json\/wp\/v2\/types\/post"}],"author":[{"embeddable":true,"href":"https:\/\/vinasfm.com\/noticias\/wp-json\/wp\/v2\/users\/7"}],"replies":[{"embeddable":true,"href":"https:\/\/vinasfm.com\/noticias\/wp-json\/wp\/v2\/comments?post=114597"}],"version-history":[{"count":3,"href":"https:\/\/vinasfm.com\/noticias\/wp-json\/wp\/v2\/posts\/114597\/revisions"}],"predecessor-version":[{"id":114606,"href":"https:\/\/vinasfm.com\/noticias\/wp-json\/wp\/v2\/posts\/114597\/revisions\/114606"}],"wp:featuredmedia":[{"embeddable":true,"href":"https:\/\/vinasfm.com\/noticias\/wp-json\/wp\/v2\/media\/114599"}],"wp:attachment":[{"href":"https:\/\/vinasfm.com\/noticias\/wp-json\/wp\/v2\/media?parent=114597"}],"wp:term":[{"taxonomy":"category","embeddable":true,"href":"https:\/\/vinasfm.com\/noticias\/wp-json\/wp\/v2\/categories?post=114597"},{"taxonomy":"post_tag","embeddable":true,"href":"https:\/\/vinasfm.com\/noticias\/wp-json\/wp\/v2\/tags?post=114597"}],"curies":[{"name":"wp","href":"https:\/\/api.w.org\/{rel}","templated":true}]}}