{"id":114592,"date":"2022-10-14T08:02:45","date_gmt":"2022-10-14T11:02:45","guid":{"rendered":"http:\/\/vinasfm.com\/noticias\/?p=114592"},"modified":"2022-10-14T12:20:30","modified_gmt":"2022-10-14T15:20:30","slug":"agenda-cultural-se-viene-un-octubre-lleno-de-actividades","status":"publish","type":"post","link":"https:\/\/vinasfm.com\/noticias\/agenda-cultural-se-viene-un-octubre-lleno-de-actividades\/","title":{"rendered":"AGENDA CULTURAL: SE VIENE UN OCTUBRE LLENO DE ACTIVIDADES"},"content":{"rendered":"<h4><strong>En los pr\u00f3ximos d\u00edas Alvear estar\u00e1 recargado de actividades que tendr\u00e1n lugar en el Cine-Teatro Antonio Lafalla<\/strong><\/h4>\n<p>Para detallar la agenda cultural del mes de octubre obtuvimos la palabra de la Directora de Cultura Liana Piedrafita quien agreg\u00f3: <em><strong>&#8216;En primer lugar voy a empezar por el cine, nuevamente por tercera semana consecutiva se pasar\u00e1 la pel\u00edcula \u00abArgentina 1985\u00bb los d\u00edas jueves, viernes, s\u00e1bado y domingo a las 21:00 y tambi\u00e9n la pel\u00edculas para los peque\u00f1os llamada Tadeo&#8217;<\/strong><\/em><\/p>\n<p>El d\u00eda s\u00e1bado se presentaran \u00abLos Umbides\u00bb quienes han llevado a la chacarera por todo el mundo &#8216;<em><strong>Va a ser un espect\u00e1culo hermoso los invitamos a todos para que est\u00e9n el s\u00e1bado por la noche ac\u00e1&#8217;<\/strong><\/em> a\u00f1adi\u00f3 Liana Piedrafita<\/p>\n<p>El d\u00eda domingo se realizar\u00e1n la llamativa \u00abFiesta de las Colectividades\u00bb en el distrito de Bowen: <em><strong>&#8216;En este caso habr\u00e1n 8 colectividades con su historia, gastronom\u00eda y todo lo que conlleva su respectiva colectividad, est\u00e1n invitados todos, adem\u00e1s el mismo domingo en el Cine Teatro Carlos Vega presentar\u00e1 su libro titulado Ad\u00e1n y Eva&#8217;<\/strong><\/em><\/p>\n","protected":false},"excerpt":{"rendered":"<p>En los pr\u00f3ximos d\u00edas Alvear estar\u00e1 recargado de actividades que tendr\u00e1n lugar en el Cine-Teatro Antonio Lafalla Para detallar la agenda &#8230;<\/p>\n","protected":false},"author":7,"featured_media":37249,"comment_status":"open","ping_status":"open","sticky":false,"template":"","format":"standard","meta":{"footnotes":""},"categories":[1],"tags":[],"class_list":["post-114592","post","type-post","status-publish","format-standard","has-post-thumbnail","hentry","category-fmvinas"],"_links":{"self":[{"href":"https:\/\/vinasfm.com\/noticias\/wp-json\/wp\/v2\/posts\/114592","targetHints":{"allow":["GET"]}}],"collection":[{"href":"https:\/\/vinasfm.com\/noticias\/wp-json\/wp\/v2\/posts"}],"about":[{"href":"https:\/\/vinasfm.com\/noticias\/wp-json\/wp\/v2\/types\/post"}],"author":[{"embeddable":true,"href":"https:\/\/vinasfm.com\/noticias\/wp-json\/wp\/v2\/users\/7"}],"replies":[{"embeddable":true,"href":"https:\/\/vinasfm.com\/noticias\/wp-json\/wp\/v2\/comments?post=114592"}],"version-history":[{"count":1,"href":"https:\/\/vinasfm.com\/noticias\/wp-json\/wp\/v2\/posts\/114592\/revisions"}],"predecessor-version":[{"id":114593,"href":"https:\/\/vinasfm.com\/noticias\/wp-json\/wp\/v2\/posts\/114592\/revisions\/114593"}],"wp:featuredmedia":[{"embeddable":true,"href":"https:\/\/vinasfm.com\/noticias\/wp-json\/wp\/v2\/media\/37249"}],"wp:attachment":[{"href":"https:\/\/vinasfm.com\/noticias\/wp-json\/wp\/v2\/media?parent=114592"}],"wp:term":[{"taxonomy":"category","embeddable":true,"href":"https:\/\/vinasfm.com\/noticias\/wp-json\/wp\/v2\/categories?post=114592"},{"taxonomy":"post_tag","embeddable":true,"href":"https:\/\/vinasfm.com\/noticias\/wp-json\/wp\/v2\/tags?post=114592"}],"curies":[{"name":"wp","href":"https:\/\/api.w.org\/{rel}","templated":true}]}}