{"id":114585,"date":"2022-10-11T07:59:51","date_gmt":"2022-10-11T10:59:51","guid":{"rendered":"http:\/\/vinasfm.com\/noticias\/?p=114585"},"modified":"2022-10-17T00:06:42","modified_gmt":"2022-10-17T03:06:42","slug":"hoy-comienza-la-septima-edicion-de-emprender-alvear","status":"publish","type":"post","link":"https:\/\/vinasfm.com\/noticias\/hoy-comienza-la-septima-edicion-de-emprender-alvear\/","title":{"rendered":"HOY COMIENZA LA S\u00c9PTIMA EDICI\u00d3N DE EMPRENDER ALVEAR"},"content":{"rendered":"<h4><strong>Se realizar\u00e1 hoy viernes 14 de octubre a partir de las 15:00 en el Sal\u00f3n Fern\u00e1ndez ubicado en el Predio Ferial<\/strong><\/h4>\n<p>En di\u00e1logo con <strong>FM VI\u00d1AS<\/strong> habl\u00f3 la Presidenta de la C\u00e1mara Joven Marina Rodriguez explicando el objetivo que se busca lograr con este tipo de eventos: <em><strong>&#8216;Buscamos motivar la actitud emprendedora principalmente en lo j\u00f3venes pero en general de todas las personas ya que es necesario la creaci\u00f3n de nuevas empresas en momentos como los que estamos viviendo a nivel econ\u00f3mico&#8217;<\/strong><\/em><\/p>\n<p>Del mismo modo detall\u00f3 las actividades que se realizar\u00e1n durante la jornada: <em><strong>&#8216;Van a venir varios disertantes tanto locales como de otros lugares quienes contaran sus experiencias en los inicios de sus emprendimientos&#8217;<\/strong><\/em><\/p>\n<p>&nbsp;<\/p>\n<p>CRONOGRAMA EMPRENDER 2022<\/p>\n<p>15:00: Apertura\/Bienvenida<\/p>\n<p>15:20: Disertaci\u00f3n 1- EGG<\/p>\n<p>15:45: Disertaci\u00f3n 2- Juan Francisco Retali<\/p>\n<p>16:10: Taller de Emprendedorismo- UnCuyo<\/p>\n<p>16:40: Break<\/p>\n<p>17:00: Camila de Amoriza- CJ San Mart\u00edn<\/p>\n<p>17:10: Disertaci\u00f3n 3- Maggie Ojcius<\/p>\n<p>17:30: Disertaci\u00f3n 4- Mar\u00eda Paz Alvarez<\/p>\n<p>18:00: Taller de Emprendedorismo- IDR<\/p>\n<p>19:00: Cierre de evento<\/p>\n<p>&nbsp;<\/p>\n<h6><strong>Ludmila Lucero<\/strong><\/h6>\n","protected":false},"excerpt":{"rendered":"<p>Se realizar\u00e1 hoy viernes 14 de octubre a partir de las 15:00 en el Sal\u00f3n Fern\u00e1ndez ubicado en el Predio Ferial &#8230;<\/p>\n","protected":false},"author":7,"featured_media":114586,"comment_status":"open","ping_status":"open","sticky":false,"template":"","format":"standard","meta":{"footnotes":""},"categories":[5,10],"tags":[],"class_list":["post-114585","post","type-post","status-publish","format-standard","has-post-thumbnail","hentry","category-actualidad","category-destacadas"],"_links":{"self":[{"href":"https:\/\/vinasfm.com\/noticias\/wp-json\/wp\/v2\/posts\/114585","targetHints":{"allow":["GET"]}}],"collection":[{"href":"https:\/\/vinasfm.com\/noticias\/wp-json\/wp\/v2\/posts"}],"about":[{"href":"https:\/\/vinasfm.com\/noticias\/wp-json\/wp\/v2\/types\/post"}],"author":[{"embeddable":true,"href":"https:\/\/vinasfm.com\/noticias\/wp-json\/wp\/v2\/users\/7"}],"replies":[{"embeddable":true,"href":"https:\/\/vinasfm.com\/noticias\/wp-json\/wp\/v2\/comments?post=114585"}],"version-history":[{"count":1,"href":"https:\/\/vinasfm.com\/noticias\/wp-json\/wp\/v2\/posts\/114585\/revisions"}],"predecessor-version":[{"id":114588,"href":"https:\/\/vinasfm.com\/noticias\/wp-json\/wp\/v2\/posts\/114585\/revisions\/114588"}],"wp:featuredmedia":[{"embeddable":true,"href":"https:\/\/vinasfm.com\/noticias\/wp-json\/wp\/v2\/media\/114586"}],"wp:attachment":[{"href":"https:\/\/vinasfm.com\/noticias\/wp-json\/wp\/v2\/media?parent=114585"}],"wp:term":[{"taxonomy":"category","embeddable":true,"href":"https:\/\/vinasfm.com\/noticias\/wp-json\/wp\/v2\/categories?post=114585"},{"taxonomy":"post_tag","embeddable":true,"href":"https:\/\/vinasfm.com\/noticias\/wp-json\/wp\/v2\/tags?post=114585"}],"curies":[{"name":"wp","href":"https:\/\/api.w.org\/{rel}","templated":true}]}}