{"id":114570,"date":"2022-10-14T09:12:55","date_gmt":"2022-10-14T12:12:55","guid":{"rendered":"http:\/\/vinasfm.com\/noticias\/?p=114570"},"modified":"2022-10-14T11:06:03","modified_gmt":"2022-10-14T14:06:03","slug":"avanza-la-urbanizacion-en-el-departamento","status":"publish","type":"post","link":"https:\/\/vinasfm.com\/noticias\/avanza-la-urbanizacion-en-el-departamento\/","title":{"rendered":"AVANZA EL PLAN DE ASFALTO TANTO EN LA CIUDAD COMO EN LA ZONA RURAL"},"content":{"rendered":"<h4><strong>Siguen en marcha las arduas tareas de pavimentaci\u00f3n que pretenden extender la urbanizaci\u00f3n hasta la zona rural. En dialogo con F.M VI\u00d1AS, el Responsable de Vialidad Provincial, V\u00edctor \u00c1lvarez y el Secretario de Obras P\u00fablicas, Jorge P\u00e9rez, hablaron del estado actual de las obras.<\/strong><\/h4>\n<p>Contin\u00faan las tareas de asfaltado y urbanizaci\u00f3n en la zona rural de General Alvear, <strong><em>&#8216;estamos muy conformes con lo que se est\u00e1 haciendo, era una necesidad que hoy estamos cumpliendo en esta zona rural de gran importancia&#8217;<\/em><\/strong> manifest\u00f3 \u00c1lvarez y adelant\u00f3 <strong><em>&#8216;en los pr\u00f3ximos d\u00edas vamos a estar en la calle 16 y 19, el plan de asfalto que tendr\u00edamos en la zona rural cubrir\u00eda las calles 25, 19, 16, 7, 4 y G&#8217;.<\/em><\/strong><\/p>\n<p>Hace 40 a\u00f1os no se trabajaba en esta zona rural y se espera<strong><em> &#8216;seguir para poder cerrar el circuito, en el pr\u00f3ximo presupuesto, sobre la calle C entre 25 y 10&#8217;.\u00a0<\/em><\/strong>Luego de terminar la pavimentaci\u00f3n, se proceder\u00e1 al pintado y se\u00f1alizaci\u00f3n correspondiente en las v\u00edas.<\/p>\n<p><strong><em>&#8216;Nos resta, aproximadamente un 65% de obras, que comprenden Barrio Irrigaci\u00f3n, Pasaje Portero, Belgrano y la calle Arist\u00f3bulo del Valle. Con esto terminar\u00edamos las obras que dentro de 12 a 15 d\u00edas concluir\u00edan&#8217;<\/em><\/strong> proyect\u00f3 Jorge P\u00e9rez.<\/p>\n<p>La modalidad de trabajo <em><strong>&#8216;es por contrataci\u00f3n, trabajamos desde Vialidad junto a empresas privadas. El trabajo en las Calle 16 y 19 es con maquinaria de Vialidad&#8217;<\/strong><\/em> e indic\u00f3 que en este momento las m\u00e1quinas est\u00e1n paradas <strong><em>&#8216;porque se les est\u00e1 realizando mantenimiento en Mendoza&#8217;<\/em><\/strong> y anticip\u00f3 <em><b>&#8216;pr\u00f3ximamente van a estar realizando tareas en Alvear&#8217;.\u00a0 &#8216;Esta es otra manera de demostrar que se trabaja de forma conjunta, ten\u00edamos la estimaci\u00f3n de llegar en tiempo forma y se est\u00e1 logrando&#8217;\u00a0<\/b><\/em>remarc\u00f3 P\u00e9rez.<\/p>\n<p><em><strong>&#8216;Tengan cuidado porque hay gran cantidad de operarios concentrados en sus tareas y no pueden visualizar a los transe\u00fantes&#8217;<\/strong><\/em> solicit\u00f3 a la comunidad el Responsable de Vialidad Provincial, V\u00edctor \u00c1lvarez .<\/p>\n<h6>Gabriel Vallejos<\/h6>\n<p>&nbsp;<\/p>\n","protected":false},"excerpt":{"rendered":"<p>Siguen en marcha las arduas tareas de pavimentaci\u00f3n que pretenden extender la urbanizaci\u00f3n hasta la zona rural. En dialogo con F.M &#8230;<\/p>\n","protected":false},"author":7,"featured_media":114609,"comment_status":"open","ping_status":"open","sticky":false,"template":"","format":"standard","meta":{"footnotes":""},"categories":[1],"tags":[],"class_list":["post-114570","post","type-post","status-publish","format-standard","has-post-thumbnail","hentry","category-fmvinas"],"_links":{"self":[{"href":"https:\/\/vinasfm.com\/noticias\/wp-json\/wp\/v2\/posts\/114570","targetHints":{"allow":["GET"]}}],"collection":[{"href":"https:\/\/vinasfm.com\/noticias\/wp-json\/wp\/v2\/posts"}],"about":[{"href":"https:\/\/vinasfm.com\/noticias\/wp-json\/wp\/v2\/types\/post"}],"author":[{"embeddable":true,"href":"https:\/\/vinasfm.com\/noticias\/wp-json\/wp\/v2\/users\/7"}],"replies":[{"embeddable":true,"href":"https:\/\/vinasfm.com\/noticias\/wp-json\/wp\/v2\/comments?post=114570"}],"version-history":[{"count":3,"href":"https:\/\/vinasfm.com\/noticias\/wp-json\/wp\/v2\/posts\/114570\/revisions"}],"predecessor-version":[{"id":114628,"href":"https:\/\/vinasfm.com\/noticias\/wp-json\/wp\/v2\/posts\/114570\/revisions\/114628"}],"wp:featuredmedia":[{"embeddable":true,"href":"https:\/\/vinasfm.com\/noticias\/wp-json\/wp\/v2\/media\/114609"}],"wp:attachment":[{"href":"https:\/\/vinasfm.com\/noticias\/wp-json\/wp\/v2\/media?parent=114570"}],"wp:term":[{"taxonomy":"category","embeddable":true,"href":"https:\/\/vinasfm.com\/noticias\/wp-json\/wp\/v2\/categories?post=114570"},{"taxonomy":"post_tag","embeddable":true,"href":"https:\/\/vinasfm.com\/noticias\/wp-json\/wp\/v2\/tags?post=114570"}],"curies":[{"name":"wp","href":"https:\/\/api.w.org\/{rel}","templated":true}]}}