{"id":114559,"date":"2022-10-13T10:46:15","date_gmt":"2022-10-13T13:46:15","guid":{"rendered":"http:\/\/vinasfm.com\/noticias\/?p=114559"},"modified":"2022-10-13T11:00:54","modified_gmt":"2022-10-13T14:00:54","slug":"heladas-los-danos-dependen-del-estado-de-las-fincas","status":"publish","type":"post","link":"https:\/\/vinasfm.com\/noticias\/heladas-los-danos-dependen-del-estado-de-las-fincas\/","title":{"rendered":"HELADAS: &#8216;LOS DA\u00d1OS DEPENDEN DEL ESTADO DE LAS FINCAS&#8217;"},"content":{"rendered":"<h4><strong>En dialogo con F.M VI\u00d1AS, Agust\u00edn Anzorena, Director de Agricultura, habl\u00f3 de como han afectado las heladas en distintas zonas del departamento y calcul\u00f3 el valor del los cuidados necesarios.\u00a0<\/strong><\/h4>\n<p><em><strong>&#8216;Ayer terminamos de recorrer todas las zonas productivas de General Alvear, los da\u00f1os son particulares en cada finca, es raro como ha afectado la helada&#8217;<\/strong><\/em> expres\u00f3 el Director de Agricultura, Agust\u00edn Anzorena e indic\u00f3 que <strong><em>&#8216;las brisas fr\u00edas son las que han hecho m\u00e1s da\u00f1os, las vi\u00f1as tienen da\u00f1ados los brotes superiores y las partes de abajo&#8217; que se tendr\u00edan que dar m\u00e1s r\u00e1pido<\/em><em> contin\u00faa verdes, h<\/em><em>ay duraznos a 3 metros de altura, de un tama\u00f1o considerable que se han helado&#8217;.\u00a0<\/em><\/strong><\/p>\n<p>La afecci\u00f3n de las heladas <em><strong>&#8216;depende del estado de cada finca, si ten\u00edan humedad, si estaban regadas, si tienen cortinas&#8230; es un conjunto de cosas que entran en la particularidad de cada productor&#8217;<\/strong><\/em> remarc\u00f3.<\/p>\n<p><strong><em>&#8216;Desde el a\u00f1o pasado a este se han duplicado la cantidad de fincas con defensas sub arb\u00f3reas; en donde se llevaron a cabo los cuidados, lo efectos de las heladas han sido casi nulo y si lo hay es casi insignificante en comparaci\u00f3n a otras producciones&#8217;<\/em><\/strong> resalt\u00f3 Anzorena. <em><strong>&#8216;Entendemos que estos cuidados son engorrosos y caros pero son los que mejor resultado han demostrado. Aproximadamente, los cuidados sub arb\u00f3reos, cuesta un mill\u00f3n de pesos por hect\u00e1rea&#8217;<\/strong><\/em> calcul\u00f3.<\/p>\n<p><strong><em>&#8216;El d\u00eda de 14 finaliza la toma de denuncias de las heladas, de frutales, producidas el 9 y 10 se septiembre&#8217;<\/em><\/strong> record\u00f3 y aclar\u00f3 que solo se toman las denuncias del ta\u00f1o de frutales porque en ese momento no hay frutos en las vi\u00f1as. Adem\u00e1s anunci\u00f3 que <em><b>&#8216;dentro de 20 a 25 d\u00edas\u00a0se habilita las denuncias por los da\u00f1os de este fin de semana&#8217;.<\/b><\/em><\/p>\n<h6>Gabriel Vallejos<\/h6>\n","protected":false},"excerpt":{"rendered":"<p>En dialogo con F.M VI\u00d1AS, Agust\u00edn Anzorena, Director de Agricultura, habl\u00f3 de como han afectado las heladas en distintas zonas del &#8230;<\/p>\n","protected":false},"author":7,"featured_media":109882,"comment_status":"open","ping_status":"open","sticky":false,"template":"","format":"standard","meta":{"footnotes":""},"categories":[1],"tags":[],"class_list":["post-114559","post","type-post","status-publish","format-standard","has-post-thumbnail","hentry","category-fmvinas"],"_links":{"self":[{"href":"https:\/\/vinasfm.com\/noticias\/wp-json\/wp\/v2\/posts\/114559","targetHints":{"allow":["GET"]}}],"collection":[{"href":"https:\/\/vinasfm.com\/noticias\/wp-json\/wp\/v2\/posts"}],"about":[{"href":"https:\/\/vinasfm.com\/noticias\/wp-json\/wp\/v2\/types\/post"}],"author":[{"embeddable":true,"href":"https:\/\/vinasfm.com\/noticias\/wp-json\/wp\/v2\/users\/7"}],"replies":[{"embeddable":true,"href":"https:\/\/vinasfm.com\/noticias\/wp-json\/wp\/v2\/comments?post=114559"}],"version-history":[{"count":1,"href":"https:\/\/vinasfm.com\/noticias\/wp-json\/wp\/v2\/posts\/114559\/revisions"}],"predecessor-version":[{"id":114569,"href":"https:\/\/vinasfm.com\/noticias\/wp-json\/wp\/v2\/posts\/114559\/revisions\/114569"}],"wp:featuredmedia":[{"embeddable":true,"href":"https:\/\/vinasfm.com\/noticias\/wp-json\/wp\/v2\/media\/109882"}],"wp:attachment":[{"href":"https:\/\/vinasfm.com\/noticias\/wp-json\/wp\/v2\/media?parent=114559"}],"wp:term":[{"taxonomy":"category","embeddable":true,"href":"https:\/\/vinasfm.com\/noticias\/wp-json\/wp\/v2\/categories?post=114559"},{"taxonomy":"post_tag","embeddable":true,"href":"https:\/\/vinasfm.com\/noticias\/wp-json\/wp\/v2\/tags?post=114559"}],"curies":[{"name":"wp","href":"https:\/\/api.w.org\/{rel}","templated":true}]}}