{"id":114537,"date":"2022-10-13T00:40:59","date_gmt":"2022-10-13T03:40:59","guid":{"rendered":"http:\/\/vinasfm.com\/noticias\/?p=114537"},"modified":"2022-10-13T08:11:29","modified_gmt":"2022-10-13T11:11:29","slug":"jovenes-alvearenses-presentes-en-una-nueva-edicion-de-alvear-proyecta","status":"publish","type":"post","link":"https:\/\/vinasfm.com\/noticias\/jovenes-alvearenses-presentes-en-una-nueva-edicion-de-alvear-proyecta\/","title":{"rendered":"J\u00d3VENES ALVEARENSES PRESENTES EN UNA NUEVA EDICI\u00d3N DE \u00abALVEAR PROYECTA\u00bb"},"content":{"rendered":"<h4><strong>El concurso Alvear Proyecta esta dirigido a alumnos de cuarto a\u00f1o correspondientes a escuelas secundarias del departamento, en esta nueva edici\u00f3n se presentaron 8 escuelas para participar por los 80,000 pesos que hay en premio. Los interesados en concursar deben presentar un proyecto que sea factible para llevarlo a la pr\u00e1ctica<\/strong><\/h4>\n<p>En este caso habl\u00f3 la Presidenta del HCD Mabel Uccelli y destac\u00f3: <em><strong>&#8216;Estamos muy satisfechos con todas las escuelas que se ha presentado en esta nueva edici\u00f3n de \u201cAlvear Proyecta\u201d todos los proyectos se han exhibido de forma muy correcta&#8217; <\/strong><\/em>Del mismo modo detall\u00f3 los proyectos que presentaron los participantes <em><strong>&#8216;Todos los chicos que participaron se basaron en el mismo tema, la idea de su trabajo fue la construcci\u00f3n de un espacio de relajaaci\u00f3n para todos los ni\u00f1os, j\u00f3venes y adultos del departamento&#8217;\u00a0<\/strong><\/em><\/p>\n<p>Asimismo aclar\u00f3 que lugar propusieron los alumnos para la construcci\u00f3n de dicho lugar: <em><strong>&#8216;Todos propusieron el basural municipal, a medida que se iban presentando sus trabajos ellos mismos notaron las simititudes que hab\u00edan en sus planificaciones respecto al tema que hab\u00edan presentado&#8217;\u00a0\u00a0<\/strong><\/em><\/p>\n<p>La pr\u00f3xima semana los concejales se volver\u00e1n a reunir para asignar los respectivas puntos para dar a conocer el primer y segundo lugar.<\/p>\n<h6><strong>Ludmila Lucero<\/strong><\/h6>\n<p>&nbsp;<\/p>\n","protected":false},"excerpt":{"rendered":"<p>El concurso Alvear Proyecta esta dirigido a alumnos de cuarto a\u00f1o correspondientes a escuelas secundarias del departamento, en esta nueva edici\u00f3n &#8230;<\/p>\n","protected":false},"author":7,"featured_media":114538,"comment_status":"open","ping_status":"open","sticky":false,"template":"","format":"standard","meta":{"footnotes":""},"categories":[1],"tags":[],"class_list":["post-114537","post","type-post","status-publish","format-standard","has-post-thumbnail","hentry","category-fmvinas"],"_links":{"self":[{"href":"https:\/\/vinasfm.com\/noticias\/wp-json\/wp\/v2\/posts\/114537","targetHints":{"allow":["GET"]}}],"collection":[{"href":"https:\/\/vinasfm.com\/noticias\/wp-json\/wp\/v2\/posts"}],"about":[{"href":"https:\/\/vinasfm.com\/noticias\/wp-json\/wp\/v2\/types\/post"}],"author":[{"embeddable":true,"href":"https:\/\/vinasfm.com\/noticias\/wp-json\/wp\/v2\/users\/7"}],"replies":[{"embeddable":true,"href":"https:\/\/vinasfm.com\/noticias\/wp-json\/wp\/v2\/comments?post=114537"}],"version-history":[{"count":1,"href":"https:\/\/vinasfm.com\/noticias\/wp-json\/wp\/v2\/posts\/114537\/revisions"}],"predecessor-version":[{"id":114539,"href":"https:\/\/vinasfm.com\/noticias\/wp-json\/wp\/v2\/posts\/114537\/revisions\/114539"}],"wp:featuredmedia":[{"embeddable":true,"href":"https:\/\/vinasfm.com\/noticias\/wp-json\/wp\/v2\/media\/114538"}],"wp:attachment":[{"href":"https:\/\/vinasfm.com\/noticias\/wp-json\/wp\/v2\/media?parent=114537"}],"wp:term":[{"taxonomy":"category","embeddable":true,"href":"https:\/\/vinasfm.com\/noticias\/wp-json\/wp\/v2\/categories?post=114537"},{"taxonomy":"post_tag","embeddable":true,"href":"https:\/\/vinasfm.com\/noticias\/wp-json\/wp\/v2\/tags?post=114537"}],"curies":[{"name":"wp","href":"https:\/\/api.w.org\/{rel}","templated":true}]}}