{"id":114522,"date":"2022-10-13T00:03:57","date_gmt":"2022-10-13T03:03:57","guid":{"rendered":"http:\/\/vinasfm.com\/noticias\/?p=114522"},"modified":"2022-10-13T09:19:18","modified_gmt":"2022-10-13T12:19:18","slug":"gran-avance-en-la-construccion-del-jardin-infantil-rosarito-de-luz","status":"publish","type":"post","link":"https:\/\/vinasfm.com\/noticias\/gran-avance-en-la-construccion-del-jardin-infantil-rosarito-de-luz\/","title":{"rendered":"GRAN AVANCE EN LA CONSTRUCCI\u00d3N DEL JARD\u00cdN INFANTIL ROSARITO DE LUZ"},"content":{"rendered":"<h4><strong>La obra muestra un progreso actual de 70%. Se trata de un inmueble de 1.100 metros cuadrados con 6 salas de nivel inicial totalmente equipadas, que beneficiar\u00e1n la escolaridad de m\u00e1s de 200 alumnos de Bowen<\/strong><\/h4>\n<p>El Jard\u00edn Infantil Rosarito de Luz\u00a0 <em><strong>&#8216;Es una obra importante que est\u00e1 pensada para ser un jard\u00edn que nuclea a los ni\u00f1os en las diferentes \u00e1reas pedag\u00f3gicas<\/strong><\/em>&#8216; manifest\u00f3 el Intendente Walther Marcoli. <em><strong>&#8216;Estamos muy conformes con el avance de la obra y esperamos que est\u00e9 lista para el mes de febrero as\u00ed el pr\u00f3ximo ciclo lectivo comienza aqu\u00ed&#8217;<\/strong><\/em> expres\u00f3 con optimismo.<\/p>\n<p>Trat\u00e1ndose de ni\u00f1os muy peque\u00f1os, el edificio debe garantizar muchos a\u00f1os de estabilidad.<em><b> &#8216;La construcci\u00f3n fue encarada por el Gobierno de Mendoza, los fondos deb\u00edan venir desde Naci\u00f3n y llev\u00e1bamos\u00a0a\u00f1os en espera, pero hoy se puede concretar gracias a la financiaci\u00f3n de la provincia&#8217;<\/b><\/em> destac\u00f3.<\/p>\n<p>El Jard\u00edn se encuentra en una zona educativa que se espera incremente su crecimiento, <em><strong>&#8216;Hay una apertura de calles importante que hay que consolidarla pero va a tener un gran impacto a partir de que el jard\u00edn est\u00e9 finalizado. La urbanizaci\u00f3n del distrito y como va avanzando es importante&#8217;<\/strong> <\/em>confes\u00f3.<\/p>\n<p>Daniel Dom\u00ednguez es el arquitecto a cargo, titular de \u00abPLANINCA\u00bb la empresa constructora que finaliz\u00f3 el centro de salud de Bowen, que hab\u00eda tenido un freno en su construcci\u00f3n por mucho tiempo. Toda la mano de obra es alvearense y eso derrama grandes ingresos en el departamento, importantes a la hora de generar empleos de calidad.<\/p>\n<p>La nueva modalidad de construcci\u00f3n consiste en <strong><em>&#8216;Un sistema prefabricado que mantiene las estructuras sismo resistentes&#8217;<\/em><\/strong> aclar\u00f3 el arquitecto a cargo. <strong><em>&#8216;La estructura est\u00e1 forrada con un sistema prefabricado compuesto de bastidores met\u00e1licos y placas de cemento y yeso&#8217;<\/em><\/strong> coment\u00f3 y sum\u00f3 que esta variante <strong><em>&#8216;Produce mayor velocidad en la ejecuci\u00f3n de la obra y un ambiente laboral m\u00e1s limpio&#8217;.<\/em><\/strong> Esta mueva tecnolog\u00eda en construcci\u00f3n <strong><em>&#8216;Permite un mejor resultado en cuanto a la protecci\u00f3n t\u00e9rmica&#8217;<\/em><\/strong><\/p>\n<p>La obra cuenta con 6 aulas, un sal\u00f3n de usos m\u00faltiples, cocina, administraci\u00f3n y gabinete pedag\u00f3gico.<\/p>\n<h6>Gabriel Vallejos<\/h6>\n","protected":false},"excerpt":{"rendered":"<p>La obra muestra un progreso actual de 70%. Se trata de un inmueble de 1.100 metros cuadrados con 6 salas de &#8230;<\/p>\n","protected":false},"author":7,"featured_media":114531,"comment_status":"open","ping_status":"open","sticky":false,"template":"","format":"standard","meta":{"footnotes":""},"categories":[1],"tags":[],"class_list":["post-114522","post","type-post","status-publish","format-standard","has-post-thumbnail","hentry","category-fmvinas"],"_links":{"self":[{"href":"https:\/\/vinasfm.com\/noticias\/wp-json\/wp\/v2\/posts\/114522","targetHints":{"allow":["GET"]}}],"collection":[{"href":"https:\/\/vinasfm.com\/noticias\/wp-json\/wp\/v2\/posts"}],"about":[{"href":"https:\/\/vinasfm.com\/noticias\/wp-json\/wp\/v2\/types\/post"}],"author":[{"embeddable":true,"href":"https:\/\/vinasfm.com\/noticias\/wp-json\/wp\/v2\/users\/7"}],"replies":[{"embeddable":true,"href":"https:\/\/vinasfm.com\/noticias\/wp-json\/wp\/v2\/comments?post=114522"}],"version-history":[{"count":7,"href":"https:\/\/vinasfm.com\/noticias\/wp-json\/wp\/v2\/posts\/114522\/revisions"}],"predecessor-version":[{"id":114558,"href":"https:\/\/vinasfm.com\/noticias\/wp-json\/wp\/v2\/posts\/114522\/revisions\/114558"}],"wp:featuredmedia":[{"embeddable":true,"href":"https:\/\/vinasfm.com\/noticias\/wp-json\/wp\/v2\/media\/114531"}],"wp:attachment":[{"href":"https:\/\/vinasfm.com\/noticias\/wp-json\/wp\/v2\/media?parent=114522"}],"wp:term":[{"taxonomy":"category","embeddable":true,"href":"https:\/\/vinasfm.com\/noticias\/wp-json\/wp\/v2\/categories?post=114522"},{"taxonomy":"post_tag","embeddable":true,"href":"https:\/\/vinasfm.com\/noticias\/wp-json\/wp\/v2\/tags?post=114522"}],"curies":[{"name":"wp","href":"https:\/\/api.w.org\/{rel}","templated":true}]}}