{"id":114511,"date":"2022-10-12T07:36:21","date_gmt":"2022-10-12T10:36:21","guid":{"rendered":"http:\/\/vinasfm.com\/noticias\/?p=114511"},"modified":"2022-10-13T10:53:32","modified_gmt":"2022-10-13T13:53:32","slug":"alerta-por-viento-y-ascenso-de-la-temperatura-que-zonas-afectara","status":"publish","type":"post","link":"https:\/\/vinasfm.com\/noticias\/alerta-por-viento-y-ascenso-de-la-temperatura-que-zonas-afectara\/","title":{"rendered":"ALERTA POR VIENTO Y ASCENSO DE LA TEMPERATURA: \u00bfQUE ZONAS AFECTAR\u00c1?"},"content":{"rendered":"<h4>El pron\u00f3stico para Mendoza indica poca nubosidad con ascenso de la temperatura. Hacia horas de la tarde y la noche hay alerta por r\u00e1fagas de viento en algunos departamentos.<\/h4>\n<p>El\u00a0<strong>Servicio Meteorol\u00f3gico Nacional\u00a0(SMN)<\/strong>\u00a0indica que este mi\u00e9rcoles se registrar\u00e1 ascenso de la temperatura y poca nubosidad durante toda la jornada. El sistema nacional emiti\u00f3\u00a0<strong>alerta<\/strong>\u00a0meteorol\u00f3gica amarilla por\u00a0<strong>vientos<\/strong>\u00a0que afectar\u00e1n algunos departamentos de la provincia de Mendoza y pueden provocar da\u00f1os o\u00a0riesgos de interrupci\u00f3n moment\u00e1nea de actividades cotidianas.<\/p>\n<p>El\u00a0<strong>pron\u00f3stico<\/strong>\u00a0para Mendoza indica tiempo bueno con ascenso de la temperatura y vientos moderados del noreste. El cielo estar\u00e1 mayormente despejado durante la madrugada y la ma\u00f1ana en todo el territorio provincial mientras que hacia horas de la tarde se mantendr\u00e1 parcialmente nublado en los departamentos de General Alvear, San Rafael y Malarg\u00fce.<\/p>\n<p>Seg\u00fan\u00a0la p\u00e1gina oficial del\u00a0<strong>Servicio Meteorol\u00f3gico Nacional<\/strong>, en la cordillera de los Andes las condiciones meteorol\u00f3gicas ser\u00e1n estables durante toda la ma\u00f1ana y sin probabilidad de nevadas. La temperatura m\u00ednima esperada\u00a0para este mi\u00e9rcoles ser\u00e1 de 8\u00b0\u00a0mientras que la m\u00e1xima llegar\u00e1 a los 28\u00ba.<\/p>\n<p>El sistema nacional emiti\u00f3\u00a0<strong>alerta<\/strong>\u00a0meteorol\u00f3gica amarilla por\u00a0<strong>vientos<\/strong> que afectar\u00e1n los departamentos del sur de la provincia de Mendoza y pueden provocar da\u00f1os e interrupci\u00f3n moment\u00e1nea de actividades cotidianas. La alerta\u00a0anticipa\u00a0que\u00a0General Alvear y la zona baja de San Rafael\u00a0ser\u00e1n afectadas por vientos del sector sur, con velocidades entre <strong><em>40 y 60 km\/h,<\/em><\/strong> y con r\u00e1fagas que pueden alcanzar los\u00a0<em><strong>85 km\/h.<\/strong><\/em><\/p>\n<p>una alerta amarilla recomienda a los ciudadanos evitar hacer actividades al aire libre, asegurar los elementos que puedan volarse y mantenerse informado por las autoridades. <strong><em>\u00abTen\u00e9 siempre lista una mochila de emergencias con linterna, radio, documentos y tel\u00e9fono\u00bb<\/em><\/strong>, recomiendan.<\/p>\n","protected":false},"excerpt":{"rendered":"<p>El pron\u00f3stico para Mendoza indica poca nubosidad con ascenso de la temperatura. Hacia horas de la tarde y la noche hay &#8230;<\/p>\n","protected":false},"author":7,"featured_media":114513,"comment_status":"open","ping_status":"open","sticky":false,"template":"","format":"standard","meta":{"footnotes":""},"categories":[5,36],"tags":[],"class_list":["post-114511","post","type-post","status-publish","format-standard","has-post-thumbnail","hentry","category-actualidad","category-pronostico"],"_links":{"self":[{"href":"https:\/\/vinasfm.com\/noticias\/wp-json\/wp\/v2\/posts\/114511","targetHints":{"allow":["GET"]}}],"collection":[{"href":"https:\/\/vinasfm.com\/noticias\/wp-json\/wp\/v2\/posts"}],"about":[{"href":"https:\/\/vinasfm.com\/noticias\/wp-json\/wp\/v2\/types\/post"}],"author":[{"embeddable":true,"href":"https:\/\/vinasfm.com\/noticias\/wp-json\/wp\/v2\/users\/7"}],"replies":[{"embeddable":true,"href":"https:\/\/vinasfm.com\/noticias\/wp-json\/wp\/v2\/comments?post=114511"}],"version-history":[{"count":3,"href":"https:\/\/vinasfm.com\/noticias\/wp-json\/wp\/v2\/posts\/114511\/revisions"}],"predecessor-version":[{"id":114525,"href":"https:\/\/vinasfm.com\/noticias\/wp-json\/wp\/v2\/posts\/114511\/revisions\/114525"}],"wp:featuredmedia":[{"embeddable":true,"href":"https:\/\/vinasfm.com\/noticias\/wp-json\/wp\/v2\/media\/114513"}],"wp:attachment":[{"href":"https:\/\/vinasfm.com\/noticias\/wp-json\/wp\/v2\/media?parent=114511"}],"wp:term":[{"taxonomy":"category","embeddable":true,"href":"https:\/\/vinasfm.com\/noticias\/wp-json\/wp\/v2\/categories?post=114511"},{"taxonomy":"post_tag","embeddable":true,"href":"https:\/\/vinasfm.com\/noticias\/wp-json\/wp\/v2\/tags?post=114511"}],"curies":[{"name":"wp","href":"https:\/\/api.w.org\/{rel}","templated":true}]}}