{"id":114507,"date":"2022-10-12T10:25:19","date_gmt":"2022-10-12T13:25:19","guid":{"rendered":"http:\/\/vinasfm.com\/noticias\/?p=114507"},"modified":"2022-10-12T10:25:19","modified_gmt":"2022-10-12T13:25:19","slug":"fiesta-nacional-de-la-vendimia-comienzan-las-distritales","status":"publish","type":"post","link":"https:\/\/vinasfm.com\/noticias\/fiesta-nacional-de-la-vendimia-comienzan-las-distritales\/","title":{"rendered":"FIESTA NACIONAL DE LA VENDIMIA: COMIENZAN LAS DISTRITALES"},"content":{"rendered":"<h4 class=\"news-headline__article-summary\">Este viernes, en Cuadro Nacional inicia el calendario de fiestas distritales para la Fiesta Nacional de la Vendimia edici\u00f3n 2023.<\/h4>\n<article class=\"article-body article-body--first-paragraph\" data-td-script-src=\"https:\/\/www.sitioandino.com.ar\/td\/modulos\/encuestas\/js\/function-embeds-min-version-1661266718.js\">Con miras a la\u00a0<strong>Fiesta Nacional de la Vendimia 2023,<\/strong>\u00a0en San Rafael ya se conoci\u00f3 el cronograma de las\u00a0<strong>Vendimias de los distritos.<\/strong><\/article>\n<article class=\"article-body article-body--second-paragraph\">De acuerdo a lo informado por el municipio, el calendario distrital se desarrollar\u00e1 desde este fin de semana hasta diciembre, con 18 fiestas que incluyen shows art\u00edsticos y la proclamaci\u00f3n o elecci\u00f3n de sus representantes. La primera actividad ser\u00e1 este viernes en\u00a0Cuadro Nacional con una fiesta denominada<strong> \u201cAmores y Tradiciones\u201d,<\/strong>\u00a0que tendr\u00e1 lugar en Santa Mar\u00eda de Oro y Lavalle, frente a la renovada plaza Jos\u00e9 Salas.<\/p>\n<article class=\"article-body article-body--second-paragraph\">El s\u00e1bado est\u00e1 previsto que se celebre la\u00a0fiesta en Goudge, con su<strong> \u201cVendimia de los Tiempos\u201d,<\/strong>\u00a0tambi\u00e9n a las 21 horas en el polideportivo municipal.<\/article>\n<article class=\"article-body article-body--third-paragraph\"><strong>El calendario<\/strong><\/p>\n<p>-Viernes 21 de octubre: Villa Atuel<\/article>\n<article class=\"article-body article-body--third-paragraph\">-S\u00e1bado 22 de octubre: Jaime Prats<\/article>\n<article class=\"article-body article-body--third-paragraph\">-Viernes 28 de octubre: Real del Padre<\/article>\n<article class=\"article-body article-body--third-paragraph\">-S\u00e1bado 29 de octubre: Monte Com\u00e1n<\/article>\n<article class=\"article-body article-body--third-paragraph\">-Viernes 4 de noviembre: Ca\u00f1ada Seca<\/article>\n<article class=\"article-body article-body--third-paragraph\">-S\u00e1bado 5 de noviembre: Las Malvinas<\/article>\n<article class=\"article-body article-body--third-paragraph\">-Viernes 11 de noviembre: La Llave<\/article>\n<article class=\"article-body article-body--third-paragraph\">-S\u00e1bado 12 de noviembre: El Cerrito<\/article>\n<article class=\"article-body article-body--third-paragraph\">-Viernes 18 de noviembre: Las Paredes<\/article>\n<article class=\"article-body article-body--third-paragraph\">-S\u00e1bado 19 de noviembre: El Nihuil<\/article>\n<article class=\"article-body article-body--third-paragraph\">-Viernes 25 de noviembre: Villa 25 de Mayo<\/article>\n<article class=\"article-body article-body--third-paragraph\">-S\u00e1bado 26 de noviembre: El Sosneado<\/article>\n<article class=\"article-body article-body--third-paragraph\">-Viernes 2 de diciembre: Rama Ca\u00edda<\/article>\n<article class=\"article-body article-body--third-paragraph\">-S\u00e1bado 3 de diciembre: Punta del Agua<\/article>\n<article class=\"article-body article-body--third-paragraph\">-S\u00e1bado 10 de diciembre: Cuadro Benegas<\/article>\n<article class=\"article-body article-body--third-paragraph\">-Domingo 11 de diciembre: Ciudad<\/article>\n<\/article>\n","protected":false},"excerpt":{"rendered":"<p>Este viernes, en Cuadro Nacional inicia el calendario de fiestas distritales para la Fiesta Nacional de la Vendimia edici\u00f3n 2023. Con &#8230;<\/p>\n","protected":false},"author":7,"featured_media":102004,"comment_status":"open","ping_status":"open","sticky":false,"template":"","format":"standard","meta":{"footnotes":""},"categories":[5,25],"tags":[],"class_list":["post-114507","post","type-post","status-publish","format-standard","has-post-thumbnail","hentry","category-actualidad","category-vendimia"],"_links":{"self":[{"href":"https:\/\/vinasfm.com\/noticias\/wp-json\/wp\/v2\/posts\/114507","targetHints":{"allow":["GET"]}}],"collection":[{"href":"https:\/\/vinasfm.com\/noticias\/wp-json\/wp\/v2\/posts"}],"about":[{"href":"https:\/\/vinasfm.com\/noticias\/wp-json\/wp\/v2\/types\/post"}],"author":[{"embeddable":true,"href":"https:\/\/vinasfm.com\/noticias\/wp-json\/wp\/v2\/users\/7"}],"replies":[{"embeddable":true,"href":"https:\/\/vinasfm.com\/noticias\/wp-json\/wp\/v2\/comments?post=114507"}],"version-history":[{"count":1,"href":"https:\/\/vinasfm.com\/noticias\/wp-json\/wp\/v2\/posts\/114507\/revisions"}],"predecessor-version":[{"id":114508,"href":"https:\/\/vinasfm.com\/noticias\/wp-json\/wp\/v2\/posts\/114507\/revisions\/114508"}],"wp:featuredmedia":[{"embeddable":true,"href":"https:\/\/vinasfm.com\/noticias\/wp-json\/wp\/v2\/media\/102004"}],"wp:attachment":[{"href":"https:\/\/vinasfm.com\/noticias\/wp-json\/wp\/v2\/media?parent=114507"}],"wp:term":[{"taxonomy":"category","embeddable":true,"href":"https:\/\/vinasfm.com\/noticias\/wp-json\/wp\/v2\/categories?post=114507"},{"taxonomy":"post_tag","embeddable":true,"href":"https:\/\/vinasfm.com\/noticias\/wp-json\/wp\/v2\/tags?post=114507"}],"curies":[{"name":"wp","href":"https:\/\/api.w.org\/{rel}","templated":true}]}}