{"id":114494,"date":"2022-10-12T09:23:00","date_gmt":"2022-10-12T12:23:00","guid":{"rendered":"http:\/\/vinasfm.com\/noticias\/?p=114494"},"modified":"2022-10-12T23:55:28","modified_gmt":"2022-10-13T02:55:28","slug":"esperan-adjudicar-en-marzo-la-obra-para-construir-el-baqueano","status":"publish","type":"post","link":"https:\/\/vinasfm.com\/noticias\/esperan-adjudicar-en-marzo-la-obra-para-construir-el-baqueano\/","title":{"rendered":"ESPERAN ADJUDICAR EN MARZO LA OBRA PARA CONSTRUIR EL BAQUEANO"},"content":{"rendered":"<h4><strong>Siguen las repercusiones en torno a la construcci\u00f3n del dique El Baqueano en San Rafael. Es que ahora se dio a conocer que la idea del gobierno provincial es poder adjudicar la obra a la empresa que la construir\u00e1 durante el mes de marzo<\/strong><\/h4>\n<p>Se trata de una nueva movida que apunta a consolidar la estrategia de Mendoza de poder tener en marcha los trabajos de este nuevo dique durante 2023. La obra tiene una duraci\u00f3n aproximada de 5 a\u00f1os y se esperan invertir unos 575 millones de d\u00f3lares.<\/p>\n<p>El propio ministro de Econom\u00eda, Enrique Vaqui\u00e9, confirm\u00f3 que la estrategia mendocina es adjudicar la construcci\u00f3n en marzo. Para que esto suceda deben terminarse los pliegos y realizar el llamado en un plazo no mayor a 120 d\u00edas, y poder hacer el llamado en enero del 2023.<\/p>\n<p><span class=\"sigijh_hlt sigijh_animateMe\">Una condici\u00f3n para que esto suceda es que se cumpla en tiempo y forma la licitaci\u00f3n de la Manifestaci\u00f3n General de Impacto Ambiental, cuya apertura de licitaci\u00f3n est\u00e1 prevista para este mi\u00e9rcoles 12 a cargo de la empresa EMESA.<\/span><\/p>\n<p>El objetivo es avanzar con esta propuesta, estudiar la situaci\u00f3n de los oferentes y adjudicar los trabajos a fin de mes.<\/p>\n<p>Se espera que la misma tenga una demora de aproximadamente dos meses, y ser\u00eda la llave fundamental para abrir la puerta a la licitaci\u00f3n definitiva, de esta obra que se prev\u00e9 construir en la zona de El Imperial, entre Agua del Toro y Los Reyunos.<\/p>\n","protected":false},"excerpt":{"rendered":"<p>Siguen las repercusiones en torno a la construcci\u00f3n del dique El Baqueano en San Rafael. Es que ahora se dio a &#8230;<\/p>\n","protected":false},"author":7,"featured_media":113262,"comment_status":"open","ping_status":"open","sticky":false,"template":"","format":"standard","meta":{"footnotes":""},"categories":[1],"tags":[],"class_list":["post-114494","post","type-post","status-publish","format-standard","has-post-thumbnail","hentry","category-fmvinas"],"_links":{"self":[{"href":"https:\/\/vinasfm.com\/noticias\/wp-json\/wp\/v2\/posts\/114494","targetHints":{"allow":["GET"]}}],"collection":[{"href":"https:\/\/vinasfm.com\/noticias\/wp-json\/wp\/v2\/posts"}],"about":[{"href":"https:\/\/vinasfm.com\/noticias\/wp-json\/wp\/v2\/types\/post"}],"author":[{"embeddable":true,"href":"https:\/\/vinasfm.com\/noticias\/wp-json\/wp\/v2\/users\/7"}],"replies":[{"embeddable":true,"href":"https:\/\/vinasfm.com\/noticias\/wp-json\/wp\/v2\/comments?post=114494"}],"version-history":[{"count":1,"href":"https:\/\/vinasfm.com\/noticias\/wp-json\/wp\/v2\/posts\/114494\/revisions"}],"predecessor-version":[{"id":114495,"href":"https:\/\/vinasfm.com\/noticias\/wp-json\/wp\/v2\/posts\/114494\/revisions\/114495"}],"wp:featuredmedia":[{"embeddable":true,"href":"https:\/\/vinasfm.com\/noticias\/wp-json\/wp\/v2\/media\/113262"}],"wp:attachment":[{"href":"https:\/\/vinasfm.com\/noticias\/wp-json\/wp\/v2\/media?parent=114494"}],"wp:term":[{"taxonomy":"category","embeddable":true,"href":"https:\/\/vinasfm.com\/noticias\/wp-json\/wp\/v2\/categories?post=114494"},{"taxonomy":"post_tag","embeddable":true,"href":"https:\/\/vinasfm.com\/noticias\/wp-json\/wp\/v2\/tags?post=114494"}],"curies":[{"name":"wp","href":"https:\/\/api.w.org\/{rel}","templated":true}]}}