{"id":114493,"date":"2022-10-12T07:38:21","date_gmt":"2022-10-12T10:38:21","guid":{"rendered":"http:\/\/vinasfm.com\/noticias\/?p=114493"},"modified":"2022-10-13T11:01:30","modified_gmt":"2022-10-13T14:01:30","slug":"despacho-favorable-el-proyecto-que-busca-el-diagnostico-precoz-de-cancer-de-mama-y-de-cuello-de-utero","status":"publish","type":"post","link":"https:\/\/vinasfm.com\/noticias\/despacho-favorable-el-proyecto-que-busca-el-diagnostico-precoz-de-cancer-de-mama-y-de-cuello-de-utero\/","title":{"rendered":"DESPACHO FAVORABLE: EL PROYECTO QUE BUSCA EL DIAGN\u00d3STICO PRECOZ DE C\u00c1NCER DE MAMA Y DE CUELLO DE \u00daTERO"},"content":{"rendered":"<h4>Es el m\u00e1s com\u00fan en mujeres en Argentina y el que causa la mayor cantidad de muertes. En el mes de la concientizaci\u00f3n del c\u00e1ncer de mama, la Provincia promueve el proyecto que busca el diagn\u00f3stico precoz del c\u00e1ncer de mama y de cuello de \u00fatero.<\/h4>\n<p>La comisi\u00f3n de Salud de la C\u00e1mara de Diputados, que preside\u00a0 Daniel Llaver (UCR) dio despacho favorable al proyecto de Ley venido en revisi\u00f3n del Senado, de autor\u00eda de Claudia Najul (UCR) al que se le acumul\u00f3 uno similar de la diputada Roxana Escudero (FdT), por el cual se promueve \u00a0el acceso equitativo\u00a0 a los estudios de tamizaje id\u00f3neos para la detecci\u00f3n\u00a0 y el diagn\u00f3stico precoz\u00a0 del C\u00e1ncer de Mama y el de Cuello de \u00datero.<\/p>\n<p>La autoridad de aplicaci\u00f3n, de acuerdo a la iniciativa, ser\u00e1 el Ministerio de Salud, Desarrollo Social y Deportes, el que deber\u00e1 desarrollar acciones y estrategias para facilitar a las mujeres el acceso a los estudios m\u00e9dicos mencionados, a trav\u00e9s de un circuito\u00a0 en el que se concentrar\u00e1n la mayor cantidad posible de estudios priorizando\u00a0 los turnos de atenci\u00f3n durante el mes de su cumplea\u00f1os.<\/p>\n<p><strong>#MendozaRosa<\/strong><\/p>\n<p>El Gobierno de Mendoza junto a municipios y entidades de bien p\u00fablico, se prepara para desplegar diversas acciones durante\u00a0<strong>#MendozaRosa<\/strong>, enmarcando el 19 de octubre -d\u00eda internacional de la lucha contra el c\u00e1ncer de mama-apuntadas a las pacientes de c\u00e1ncer, la comunidad en general y a los profesionales de la salud.<\/p>\n<p>A modo de anticipo de un nutrido calendario durante la semana que comienza el 17 de octubre, el mes de la prevenci\u00f3n de enfermedades de la mujer abre el 30 de setiembre con \u201cHasta Las Lolas\u201d. Organizado por la Ciudad de Mendoza, este encuentro persigue la detecci\u00f3n precoz del c\u00e1ncer de mamas. \u201cHasta Las Lolas\u201d es una actividad gratuita,\u00a0 en la Nave Cultural, a desarrollarse el viernes 30, desde las 19.30.<\/p>\n<p><strong>#MendozaRosa<\/strong>\u00a0\u2013 17 al 23 de octubre- cuenta con una agenda nutrida que combina prevenci\u00f3n, capacitaci\u00f3n y actividades acad\u00e9micas, deportes y recreaci\u00f3n, m\u00fasica y gastronom\u00eda.<\/p>\n","protected":false},"excerpt":{"rendered":"<p>Es el m\u00e1s com\u00fan en mujeres en Argentina y el que causa la mayor cantidad de muertes. En el mes de &#8230;<\/p>\n","protected":false},"author":7,"featured_media":114497,"comment_status":"open","ping_status":"open","sticky":false,"template":"","format":"standard","meta":{"footnotes":""},"categories":[5,15],"tags":[],"class_list":["post-114493","post","type-post","status-publish","format-standard","has-post-thumbnail","hentry","category-actualidad","category-salud"],"_links":{"self":[{"href":"https:\/\/vinasfm.com\/noticias\/wp-json\/wp\/v2\/posts\/114493","targetHints":{"allow":["GET"]}}],"collection":[{"href":"https:\/\/vinasfm.com\/noticias\/wp-json\/wp\/v2\/posts"}],"about":[{"href":"https:\/\/vinasfm.com\/noticias\/wp-json\/wp\/v2\/types\/post"}],"author":[{"embeddable":true,"href":"https:\/\/vinasfm.com\/noticias\/wp-json\/wp\/v2\/users\/7"}],"replies":[{"embeddable":true,"href":"https:\/\/vinasfm.com\/noticias\/wp-json\/wp\/v2\/comments?post=114493"}],"version-history":[{"count":1,"href":"https:\/\/vinasfm.com\/noticias\/wp-json\/wp\/v2\/posts\/114493\/revisions"}],"predecessor-version":[{"id":114498,"href":"https:\/\/vinasfm.com\/noticias\/wp-json\/wp\/v2\/posts\/114493\/revisions\/114498"}],"wp:featuredmedia":[{"embeddable":true,"href":"https:\/\/vinasfm.com\/noticias\/wp-json\/wp\/v2\/media\/114497"}],"wp:attachment":[{"href":"https:\/\/vinasfm.com\/noticias\/wp-json\/wp\/v2\/media?parent=114493"}],"wp:term":[{"taxonomy":"category","embeddable":true,"href":"https:\/\/vinasfm.com\/noticias\/wp-json\/wp\/v2\/categories?post=114493"},{"taxonomy":"post_tag","embeddable":true,"href":"https:\/\/vinasfm.com\/noticias\/wp-json\/wp\/v2\/tags?post=114493"}],"curies":[{"name":"wp","href":"https:\/\/api.w.org\/{rel}","templated":true}]}}