{"id":114488,"date":"2022-10-12T09:16:10","date_gmt":"2022-10-12T12:16:10","guid":{"rendered":"http:\/\/vinasfm.com\/noticias\/?p=114488"},"modified":"2022-10-12T09:16:10","modified_gmt":"2022-10-12T12:16:10","slug":"quedo-habilitado-el-paso-internacional-pehuenche","status":"publish","type":"post","link":"https:\/\/vinasfm.com\/noticias\/quedo-habilitado-el-paso-internacional-pehuenche\/","title":{"rendered":"QUED\u00d3 HABILITADO EL PASO INTERNACIONAL PEHUENCHE"},"content":{"rendered":"<h4 class=\"news-headline__article-summary\">Tras permanecer cerrado por tres meses, el Paso Pehuenche vuelve a abrir para el tr\u00e1nsito vehicular. Las condiciones de la ruta son \u00f3ptimas.<\/h4>\n<article class=\"article-body article-body--first-paragraph\" data-td-script-src=\"https:\/\/www.sitioandino.com.ar\/td\/modulos\/encuestas\/js\/function-embeds-min-version-1661266695.js\">Desde este martes se puede viajar a la regi\u00f3n chilena del Maule a trav\u00e9s de Paso Pehuenche. El tr\u00e1nsito para particulares y carga pesada estar\u00e1 habilitado todos los d\u00edas de 9 a 18 horas. Se recomienda transitar con precauci\u00f3n, principalmente del lado chileno, por la nieve acumulada a ambos lados de la calzada y formaci\u00f3n de hielo. La carpeta asf\u00e1ltica se encuentra limpia y en perfectas condiciones.<\/article>\n<article class=\"article-body article-body--second-paragraph\">Hoy, a partir de las 9 horas, qued\u00f3 habilitado el Paso Internacional Pehuenche para el tr\u00e1nsito vehicular a ambos lados de la Cordillera de Los Andes, luego de permanecer cerrado por tres meses debido a la gran acumulaci\u00f3n n\u00edvea durante este \u00faltimo invierno, principalmente del lado chileno. El corredor andino une el Sur de Mendoza con la Regi\u00f3n del Maule, ruta directa tambi\u00e9n a los puertos del Pac\u00edfico.<\/p>\n<article class=\"article-body article-body--second-paragraph\">El coordinador argentino del Centro de Frontera Pehuenche, el malarg\u00fcino Pablo Cabrera, confirm\u00f3 la apertura de este martes, recordando que la ruta internacional permanecer\u00e1 operativa todos los d\u00edas de 9 a 18 horas.<\/article>\n<article class=\"article-body article-body--second-paragraph\">El funcionario lament\u00f3 que <em><strong>\u201cno se pudiera realizar la apertura antes del fin de semana largo\u201d<\/strong><\/em> debido a las tareas de <strong><em>\u201creacondicionamiento de todo el sistema estructural\u201d<\/em><\/strong> del lado chileno, afectado por las nevadas y sus consecuentes acumulaciones sobre la calzada, para evitar avalanchas o desplazamientos de terreno, adem\u00e1s del edificio que alberga a distintas instituciones del Gobierno de Chile. Cabrera mencion\u00f3 que desde hace un mes el Paso Pehuenche est\u00e1 habilitado para tr\u00e1nsito interno, es decir hasta el l\u00edmite internacional.<\/article>\n<article class=\"article-body article-body--third-paragraph\">En cuanto a los requisitos para trasponer la frontera, Pablo Cabrera mencion\u00f3 que es necesario seguir cumpliendo con los que se ven\u00edan solicitando, tanto la documentaci\u00f3n en condiciones de las personas como de veh\u00edculos, adem\u00e1s que <strong><em>\u201cabran testeos aleatorios\u201d<\/em><\/strong> para detectar coronavirus, recordando que el Seguro Covid-19 ya no es requerido, aunque es obligatorio el certificado completo de vacunas contra esta enfermedad.Sobre el transporte de carga pesada, por Paso Pehuenche s\u00f3lo est\u00e1 permitido <strong><em>\u201c<\/em><em>el de unidades selladas, es decir, que hacen aduana en el origen y no se abre la carga hasta llegar al destino, la carga peligrosa, que incluye principalmente gas y petr\u00f3leo y en lastre\u201d.<\/em><\/strong><\/p>\n<\/article>\n<\/article>\n","protected":false},"excerpt":{"rendered":"<p>Tras permanecer cerrado por tres meses, el Paso Pehuenche vuelve a abrir para el tr\u00e1nsito vehicular. Las condiciones de la ruta &#8230;<\/p>\n","protected":false},"author":7,"featured_media":114490,"comment_status":"open","ping_status":"open","sticky":false,"template":"","format":"standard","meta":{"footnotes":""},"categories":[5,66],"tags":[],"class_list":["post-114488","post","type-post","status-publish","format-standard","has-post-thumbnail","hentry","category-actualidad","category-transporte"],"_links":{"self":[{"href":"https:\/\/vinasfm.com\/noticias\/wp-json\/wp\/v2\/posts\/114488","targetHints":{"allow":["GET"]}}],"collection":[{"href":"https:\/\/vinasfm.com\/noticias\/wp-json\/wp\/v2\/posts"}],"about":[{"href":"https:\/\/vinasfm.com\/noticias\/wp-json\/wp\/v2\/types\/post"}],"author":[{"embeddable":true,"href":"https:\/\/vinasfm.com\/noticias\/wp-json\/wp\/v2\/users\/7"}],"replies":[{"embeddable":true,"href":"https:\/\/vinasfm.com\/noticias\/wp-json\/wp\/v2\/comments?post=114488"}],"version-history":[{"count":2,"href":"https:\/\/vinasfm.com\/noticias\/wp-json\/wp\/v2\/posts\/114488\/revisions"}],"predecessor-version":[{"id":114492,"href":"https:\/\/vinasfm.com\/noticias\/wp-json\/wp\/v2\/posts\/114488\/revisions\/114492"}],"wp:featuredmedia":[{"embeddable":true,"href":"https:\/\/vinasfm.com\/noticias\/wp-json\/wp\/v2\/media\/114490"}],"wp:attachment":[{"href":"https:\/\/vinasfm.com\/noticias\/wp-json\/wp\/v2\/media?parent=114488"}],"wp:term":[{"taxonomy":"category","embeddable":true,"href":"https:\/\/vinasfm.com\/noticias\/wp-json\/wp\/v2\/categories?post=114488"},{"taxonomy":"post_tag","embeddable":true,"href":"https:\/\/vinasfm.com\/noticias\/wp-json\/wp\/v2\/tags?post=114488"}],"curies":[{"name":"wp","href":"https:\/\/api.w.org\/{rel}","templated":true}]}}