{"id":114479,"date":"2022-10-12T09:06:23","date_gmt":"2022-10-12T12:06:23","guid":{"rendered":"http:\/\/vinasfm.com\/noticias\/?p=114479"},"modified":"2022-10-12T09:10:58","modified_gmt":"2022-10-12T12:10:58","slug":"ingreso-al-senado-el-proyecto-de-ley-de-zonificacion-minera","status":"publish","type":"post","link":"https:\/\/vinasfm.com\/noticias\/ingreso-al-senado-el-proyecto-de-ley-de-zonificacion-minera\/","title":{"rendered":"INGRES\u00d3 AL SENADO EL PROYECTO DE LEY DE ZONIFICACI\u00d3N MINERA"},"content":{"rendered":"<h4>Sin el aval el Gobierno y s\u00f3lo con la firma de una senadora, este martes ingres\u00f3 al Senado el proyecto de ley de zonificaci\u00f3n minera del Intendente Juan Manuel Ojeda, que implica la explotaci\u00f3n minera en algunos lugares de Malarg\u00fce con qu\u00edmicos prohibidos por la Ley 7722.<\/h4>\n<p>Formalmente, la autora del proyecto es la Senadora radical J\u00e9sica Laferte, esposa del Intendente Ojeda. En este punto, no acompa\u00f1\u00f3 ning\u00fan legislador af\u00edn al Gobierno de Rodolfo Suarez, que a trav\u00e9s de voceros se encarg\u00f3 de destacar que no avala la presentaci\u00f3n de la iniciativa.<\/p>\n<p><em><strong>&#8216;No estamos para agregar una discusi\u00f3n de tal magnitud&#8217;<\/strong><\/em> mencion\u00f3 el Senador Provincial, Leonardo Vi\u00f1olo respecto a la decisi\u00f3n del Gobierno Provincial de no apoyar el proyecto y remarc\u00f3 <em><strong>&#8216;la modificaci\u00f3n de la corte a\u00fan no se cierra, acaba de entrar al Senado despu\u00e9s de haber sido aprobado en Diputados&#8217;.<\/strong><\/em> La iniciativa, presentada por el Intendente de Malarg\u00fce, busca que se puedan utilizar sustancias actualmente prohibidas por la ley 7722, aunque \u2013en caso de ser aprobada\u2013 solo regir\u00eda para la megaminer\u00eda en el departamento sure\u00f1o.<\/p>\n<p>El Gobernado Rodolfo Suarez, manifest\u00f3 con anterioridad que\u00a0el debate para modificar la\u00a07722 no iba a volver a tener espacio durante su gesti\u00f3n,\u00a0el hecho de que la propuesta sea aplicable solo en un espacio delimitado\u00a0de Malarg\u00fce y la actividad sea controlada por el propio Gobierno provoc\u00f3 que el mandatario tuviera que\u00a0escuchar los pormenores de la propuesta.<\/p>\n<p>En cuanto al presupuesto, Vi\u00f1olo afirma que<strong><em> &#8216;todav\u00eda est\u00e1 en un proceso explicativo, no va a entrar en un debate hasta que se escuchen todas las partes del mismo presupuesto&#8217;. &#8216;La Ley de presupuestos dice que cuando no hay una estimaci\u00f3n aprobada hay que manejarse con el presupuesto del a\u00f1o anterior&#8217;<\/em><\/strong> indic\u00f3. <strong><em>&#8216;Estamos en pleno dialogo, no vamos a salir todav\u00eda hasta que surjan las modificaciones, porque se pueden agregar y se pueden quitar otras&#8217;<\/em><\/strong> expres\u00f3 en representaci\u00f3n de la comuna alvearense.<\/p>\n<h6>Gabriel Vallejos<\/h6>\n","protected":false},"excerpt":{"rendered":"<p>Sin el aval el Gobierno y s\u00f3lo con la firma de una senadora, este martes ingres\u00f3 al Senado el proyecto de &#8230;<\/p>\n","protected":false},"author":7,"featured_media":63815,"comment_status":"open","ping_status":"open","sticky":false,"template":"","format":"standard","meta":{"footnotes":""},"categories":[1],"tags":[],"class_list":["post-114479","post","type-post","status-publish","format-standard","has-post-thumbnail","hentry","category-fmvinas"],"_links":{"self":[{"href":"https:\/\/vinasfm.com\/noticias\/wp-json\/wp\/v2\/posts\/114479","targetHints":{"allow":["GET"]}}],"collection":[{"href":"https:\/\/vinasfm.com\/noticias\/wp-json\/wp\/v2\/posts"}],"about":[{"href":"https:\/\/vinasfm.com\/noticias\/wp-json\/wp\/v2\/types\/post"}],"author":[{"embeddable":true,"href":"https:\/\/vinasfm.com\/noticias\/wp-json\/wp\/v2\/users\/7"}],"replies":[{"embeddable":true,"href":"https:\/\/vinasfm.com\/noticias\/wp-json\/wp\/v2\/comments?post=114479"}],"version-history":[{"count":4,"href":"https:\/\/vinasfm.com\/noticias\/wp-json\/wp\/v2\/posts\/114479\/revisions"}],"predecessor-version":[{"id":114487,"href":"https:\/\/vinasfm.com\/noticias\/wp-json\/wp\/v2\/posts\/114479\/revisions\/114487"}],"wp:featuredmedia":[{"embeddable":true,"href":"https:\/\/vinasfm.com\/noticias\/wp-json\/wp\/v2\/media\/63815"}],"wp:attachment":[{"href":"https:\/\/vinasfm.com\/noticias\/wp-json\/wp\/v2\/media?parent=114479"}],"wp:term":[{"taxonomy":"category","embeddable":true,"href":"https:\/\/vinasfm.com\/noticias\/wp-json\/wp\/v2\/categories?post=114479"},{"taxonomy":"post_tag","embeddable":true,"href":"https:\/\/vinasfm.com\/noticias\/wp-json\/wp\/v2\/tags?post=114479"}],"curies":[{"name":"wp","href":"https:\/\/api.w.org\/{rel}","templated":true}]}}