{"id":114458,"date":"2022-10-12T08:21:20","date_gmt":"2022-10-12T11:21:20","guid":{"rendered":"http:\/\/vinasfm.com\/noticias\/?p=114458"},"modified":"2022-10-12T10:29:11","modified_gmt":"2022-10-12T13:29:11","slug":"por-ley-exigiran-el-ensanche-de-una-calle-en-general-alvear","status":"publish","type":"post","link":"https:\/\/vinasfm.com\/noticias\/por-ley-exigiran-el-ensanche-de-una-calle-en-general-alvear\/","title":{"rendered":"POR LEY EXIGIR\u00c1N EL ENSANCHE DE UNA CALLE EN GENERAL ALVEAR"},"content":{"rendered":"<h4><strong>Se trata de la intersecci\u00f3n de calles 26 de Julio y Roque S\u00e1enz Pe\u00f1a de ese Departamento. La propuesta fue impulsada por el diputado Jos\u00e9 Manuel Vilches. Deber\u00e1 ser promulgada por el Poder Ejecutivo<\/strong><\/h4>\n<p>El Senado provincial aprob\u00f3 hoy una propuesta que fue presentada por Jos\u00e9 Manuel Vilches, por el cual se declara de utilidad p\u00fablica y sujeto a expropiaci\u00f3n una superficie de poco m\u00e1s de 454 m2, ubicado en la intersecci\u00f3n de calles 26 de Julio y Roque S\u00e1enz Pe\u00f1a, en el departamento de General Alvear, para ensanche de calle.<\/p>\n<p>Durante su tratamiento en el recinto, el senador Marcelo Rubio inform\u00f3 que dicha expropiaci\u00f3n fue tratada en la Comisi\u00f3n de Legislaci\u00f3n y Asuntos Constitucionales. <em><strong>\u00abEl objetivo de este proyecto es el ensanche de una arteria de General Alvear\u00bb<\/strong><\/em>, detall\u00f3.<\/p>\n<p>La norma fue aprobada por unanimidad, por lo que fue remitida al Poder Ejecutivo para su posterior promulgaci\u00f3n.<\/p>\n<p>Seg\u00fan fundamenta el autor del proyecto, <em><strong>\u201cExiste el pedido de los vecinos de la zona solicitando el ensanchamiento de la calle 26 de Julio y Roque S\u00e1enz Pe\u00f1a, ya que redundar\u00e1 en la seguridad de los habitantes que residen en el lugar y de las personas que transitan diariamente por all\u00ed\u201d.<\/strong><\/em><\/p>\n<p><em><strong>\u201cTambi\u00e9n es necesario destacar que a escasos metros se encuentran establecimientos escolares de nivel inicial, primario, secundario y terciario, lo que genera un gran fluido vehicular y de peatones que transitan permanentemente\u201d<\/strong><\/em>, expresa Vilches en cuanto al proyecto que se encuentra en tratamiento.<\/p>\n","protected":false},"excerpt":{"rendered":"<p>Se trata de la intersecci\u00f3n de calles 26 de Julio y Roque S\u00e1enz Pe\u00f1a de ese Departamento. La propuesta fue impulsada &#8230;<\/p>\n","protected":false},"author":7,"featured_media":53637,"comment_status":"open","ping_status":"open","sticky":false,"template":"","format":"standard","meta":{"footnotes":""},"categories":[1],"tags":[],"class_list":["post-114458","post","type-post","status-publish","format-standard","has-post-thumbnail","hentry","category-fmvinas"],"_links":{"self":[{"href":"https:\/\/vinasfm.com\/noticias\/wp-json\/wp\/v2\/posts\/114458","targetHints":{"allow":["GET"]}}],"collection":[{"href":"https:\/\/vinasfm.com\/noticias\/wp-json\/wp\/v2\/posts"}],"about":[{"href":"https:\/\/vinasfm.com\/noticias\/wp-json\/wp\/v2\/types\/post"}],"author":[{"embeddable":true,"href":"https:\/\/vinasfm.com\/noticias\/wp-json\/wp\/v2\/users\/7"}],"replies":[{"embeddable":true,"href":"https:\/\/vinasfm.com\/noticias\/wp-json\/wp\/v2\/comments?post=114458"}],"version-history":[{"count":4,"href":"https:\/\/vinasfm.com\/noticias\/wp-json\/wp\/v2\/posts\/114458\/revisions"}],"predecessor-version":[{"id":114512,"href":"https:\/\/vinasfm.com\/noticias\/wp-json\/wp\/v2\/posts\/114458\/revisions\/114512"}],"wp:featuredmedia":[{"embeddable":true,"href":"https:\/\/vinasfm.com\/noticias\/wp-json\/wp\/v2\/media\/53637"}],"wp:attachment":[{"href":"https:\/\/vinasfm.com\/noticias\/wp-json\/wp\/v2\/media?parent=114458"}],"wp:term":[{"taxonomy":"category","embeddable":true,"href":"https:\/\/vinasfm.com\/noticias\/wp-json\/wp\/v2\/categories?post=114458"},{"taxonomy":"post_tag","embeddable":true,"href":"https:\/\/vinasfm.com\/noticias\/wp-json\/wp\/v2\/tags?post=114458"}],"curies":[{"name":"wp","href":"https:\/\/api.w.org\/{rel}","templated":true}]}}