{"id":114450,"date":"2022-10-12T08:20:37","date_gmt":"2022-10-12T11:20:37","guid":{"rendered":"http:\/\/vinasfm.com\/noticias\/?p=114450"},"modified":"2022-10-12T23:54:33","modified_gmt":"2022-10-13T02:54:33","slug":"el-fin-de-semana-dejo-un-balance-positivo-para-el-sector-turistico","status":"publish","type":"post","link":"https:\/\/vinasfm.com\/noticias\/el-fin-de-semana-dejo-un-balance-positivo-para-el-sector-turistico\/","title":{"rendered":"EL FIN DE SEMANA DEJ\u00d3 UN BALANCE POSITIVO PARA EL SECTOR TUR\u00cdSTICO"},"content":{"rendered":"<h4>General Alvear se mantiene atractivo para los turistas, con un 80% de ocupaci\u00f3n y un importante n\u00famero de visitantes, General Alvear sigue creciendo como punto tur\u00edstico en la provincia.<\/h4>\n<p>Tras el paso del fin de semana largo en General Alvear, la Directora de Turismo Fabiana Gonz\u00e1les expres\u00f3 <em><strong>&#8216;estamos muy contentos porque hemos tenido una ocupaci\u00f3n muy elevada, hablamos de m\u00e1s del 80% en el departamento, con un gran movimiento de gente que solo se qued\u00f3 sino que tambi\u00e9n pas\u00f3 al sur de Mendoza&#8217;.<\/strong><\/em> El departamento cada vez se potencia como atractivo tur\u00edstico y destac\u00f3 que\u00a0 <strong><em>&#8216;a pesar del clima vimos mucha gente en \u00abCostanera\u00bb y el centro disfrutando del comercio, pero tambi\u00e9n de la gastronom\u00eda que tiene un papel muy importante a la hora de elegirnos&#8217;.\u00a0<\/em><\/strong><\/p>\n<p><strong><em>&#8216;Muchas familias que nos eligieron de forma directa&#8217;<\/em><\/strong> manifest\u00f3 y felicit\u00f3 a Andes Futbol Club por su torneo infantil que increment\u00f3 el turismo, <strong><em>&#8216;otros ven\u00edan a acompa\u00f1ar al torneo de Andes&#8217;.<\/em><\/strong><\/p>\n<p>En cuanto a la ocupaci\u00f3n dijo<strong><em> &#8216;mucha gente lleg\u00f3 esperanzada con la posibilidad de encontrar disponibilidad pero encontraron un Alvear completo que era lo que nosotros esper\u00e1bamos&#8217;.\u00a0<\/em><\/strong><\/p>\n<p><strong><em>&#8216;Hemos sacado un calculo en el departamento de aproximadamente $4.800 por d\u00eda, per c\u00e1pita sin contar el combustible&#8217;<\/em><\/strong> y remarc\u00f3 el arduo trabajo que se realiz\u00f3 para obtener un promedio de los gastos. <strong><em>&#8216;hemos visto que tenemos un gran promedio de personas de 500 kil\u00f3metros al rededor, que nos eligen por la cercan\u00eda adem\u00e1s de los precios&#8217;<\/em><\/strong> admiti\u00f3 Gonz\u00e1les.<\/p>\n<p>El fin de semana XXL ofreci\u00f3 un sin fin de eventos socio culturales atractivos para los visitantes, <strong><em>&#8216;el turista elige y busca esta agenda de eventos que, en los fines de semana largos, son muy importantes para el complemento. La gente quiere escuchar nuestros artistas y probar nuestros sabores, estos tipos de eventos enriquecen el turismo departamental&#8217;.<\/em><\/strong><\/p>\n<p><strong><em>&#8216;Esto es un nuevo reto para la temporada que esperamos&#8217;<\/em> <\/strong>confes\u00f3 la Directora de Turismo, Fabiana Gonz\u00e1les.<\/p>\n<h6>Gabriel Vallejos<\/h6>\n","protected":false},"excerpt":{"rendered":"<p>General Alvear se mantiene atractivo para los turistas, con un 80% de ocupaci\u00f3n y un importante n\u00famero de visitantes, General Alvear &#8230;<\/p>\n","protected":false},"author":7,"featured_media":114453,"comment_status":"open","ping_status":"open","sticky":false,"template":"","format":"standard","meta":{"footnotes":""},"categories":[5,19],"tags":[],"class_list":["post-114450","post","type-post","status-publish","format-standard","has-post-thumbnail","hentry","category-actualidad","category-cultura"],"_links":{"self":[{"href":"https:\/\/vinasfm.com\/noticias\/wp-json\/wp\/v2\/posts\/114450","targetHints":{"allow":["GET"]}}],"collection":[{"href":"https:\/\/vinasfm.com\/noticias\/wp-json\/wp\/v2\/posts"}],"about":[{"href":"https:\/\/vinasfm.com\/noticias\/wp-json\/wp\/v2\/types\/post"}],"author":[{"embeddable":true,"href":"https:\/\/vinasfm.com\/noticias\/wp-json\/wp\/v2\/users\/7"}],"replies":[{"embeddable":true,"href":"https:\/\/vinasfm.com\/noticias\/wp-json\/wp\/v2\/comments?post=114450"}],"version-history":[{"count":3,"href":"https:\/\/vinasfm.com\/noticias\/wp-json\/wp\/v2\/posts\/114450\/revisions"}],"predecessor-version":[{"id":114472,"href":"https:\/\/vinasfm.com\/noticias\/wp-json\/wp\/v2\/posts\/114450\/revisions\/114472"}],"wp:featuredmedia":[{"embeddable":true,"href":"https:\/\/vinasfm.com\/noticias\/wp-json\/wp\/v2\/media\/114453"}],"wp:attachment":[{"href":"https:\/\/vinasfm.com\/noticias\/wp-json\/wp\/v2\/media?parent=114450"}],"wp:term":[{"taxonomy":"category","embeddable":true,"href":"https:\/\/vinasfm.com\/noticias\/wp-json\/wp\/v2\/categories?post=114450"},{"taxonomy":"post_tag","embeddable":true,"href":"https:\/\/vinasfm.com\/noticias\/wp-json\/wp\/v2\/tags?post=114450"}],"curies":[{"name":"wp","href":"https:\/\/api.w.org\/{rel}","templated":true}]}}