{"id":114440,"date":"2022-10-12T08:22:18","date_gmt":"2022-10-12T11:22:18","guid":{"rendered":"http:\/\/vinasfm.com\/noticias\/?p=114440"},"modified":"2022-10-12T08:22:18","modified_gmt":"2022-10-12T11:22:18","slug":"nota-de-opinion-trasvase-del-rio-grande-al-atuel-por-cristobal-sola","status":"publish","type":"post","link":"https:\/\/vinasfm.com\/noticias\/nota-de-opinion-trasvase-del-rio-grande-al-atuel-por-cristobal-sola\/","title":{"rendered":"NOTA DE OPINI\u00d3N: TRASVASE DEL R\u00cdO GRANDE AL ATUEL POR CRIST\u00d3BAL SOLA"},"content":{"rendered":"<p>No podemos dejar de abordar el tema del trasvase de Rio Grande al Atuel. No solo porque es parte del proyecto \u201chundido\u201d de Portezuelo del Viento, sino porque es el \u00fanico rio no regulado de<br \/>\nMendoza, y sus aguas se terminan perdiendo sin pena ni gloria en el Oc\u00e9ano Atl\u00e1ntico, ya que no hay tierras aptas para agricultura en el territorio mendocino, aguas abajo de Bardas Blancas.<\/p>\n<p>En este punto, nos respaldamos en el estudio realizado por la consultora Harza-Hissa en el a\u00f1o 1999, por encargo del Gobierno Provincial de aquel entonces.<\/p>\n<p>Sin entrar en las consideraciones del aprovechamiento energ\u00e9tico del \u201cproyecto del siglo\u201d, que ha sido ya suficientemente debatido y demostrada su ineficiencia e incapacidad de repago de la obra, nos abocaremos a tratar exclusivamente el tema del \u201ctrasvase\u201d.<\/p>\n<p>El estudio de referencia presenta tres alternativas, entre las cuales concluye en modo definitivo que la mejor opci\u00f3n es el trasvase en la cuenca alta, denominada Alternativa A. Someramente esta opci\u00f3n implica la construcci\u00f3n de una presa en La Estrechura, alto valle del rio Grande, Valle Hermoso, y desde all\u00ed derivar, mediante un t\u00fanel de 17 km, 24 m3\/s al rio Salado y luego al Atuel. En una segunda etapa se podr\u00edan trasvasar otros 10 m3 adicionales desde el rio Valenzuela.<\/p>\n<p>Estos son los caudales ya aprobados por el COIRCO, y no son materia de discusi\u00f3n ahora. Esta opci\u00f3n contempla la construcci\u00f3n de obras hidroel\u00e9ctricas en el cauce del Salado, con un aporte equivalente de energ\u00eda a la de Portezuelo y a mucho menor costo. En el curso medio del Atuel, no hay diferencias en un proyecto y otro, salvo un leve incremental en el \u00edndice de salinizaci\u00f3n del agua de riego, por el paso del nuevo caudal por el rio Salado. Las obras de repotenciaci\u00f3n de los Nihuiles y otras obras se pueden realizar igualmente, con esta Alternativa A.<\/p>\n<p>El costo de esta obra representa un 30 % de los apetecidos \u201cmil palos verdes\u201d, siendo evidente la conveniencia econ\u00f3mica de la misma y la posibilidad de hacer el resto de la inversi\u00f3n en etapas a<br \/>\nmedida que se avanza en la obra.<\/p>\n<p>Ahora bien, que hacemos con un incremental de 24 o 34 m3 por segundo en la cuenca total del rio Atuel y Diamante.?<\/p>\n<p>Ambas cuencas tienen una superficie de riego empadronada de aproximadamente 170.000 hect\u00e1reas, de las cuales unas 100.000 aproximadamente se encuentran ociosas, por no decir abandonadas.<\/p>\n<p>Las causas.? Muchas, pero al menos tres relevantes:<br \/>\n1. La salinizaci\u00f3n de los suelos por efecto de las \u201caguas claras\u201d.<br \/>\n2. La p\u00e9rdida de actores econ\u00f3micos y migraci\u00f3n poblacional hacia<br \/>\nlas urbes.<br \/>\n3. Un profundo atraso tecnol\u00f3gico en todos los aspectos que<br \/>\ninciden en la producci\u00f3n agropecuaria, incluyendo la prevenci\u00f3n y<br \/>\ndefensa frente a las inclemencias clim\u00e1ticas.<\/p>\n<p>Si \u00e9stas fueran las causas de la declinaci\u00f3n del Oasis Sur, no ser\u00e1 justamente el trasvase el que le dar\u00e1 soluciones, por el contrario, complicar\u00eda a\u00fan m\u00e1s, una de las mencionadas causas de la actual crisis, al introducir al sistema de riego, el incremental de salinidad que implica el trasvase por la cuenca alta.<\/p>\n<p>En s\u00edntesis, la crisis del Oasis Sur requiere otras soluciones, entre otras, la reconversi\u00f3n del sistema de riego integral, abordando la conducci\u00f3n del agua y la aplicaci\u00f3n en los cultivos con la t\u00e9cnica de riego presurizado. La mejora en la eficiencia de riego a\u00fan no garantiza el \u00e9xito, habr\u00e1 que reconvertir muchas hect\u00e1reas de frutales y vides adoptando la nueva gen\u00e9tica y un manejo sustentable. La racionalizaci\u00f3n del riego, contribuir\u00e1 a mejorar los niveles fre\u00e1ticos, reduciendo los ingentes esfuerzos que hay que<br \/>\nrealizar para sacar el agua excedente de la cuenca.<\/p>\n<p>Entonces, que hacemos con el agua de trasvase.?<\/p>\n<p>El estudio de Harsa-Hissa, preve\u00eda el riego de nuevas \u00e1reas como complemento del mejoramiento del \u00e1rea ya cultivada, pero creemos qu\u00e9 a esta altura de la situaci\u00f3n, ese se convierte en el destino principal del incremental de agua que aportara el trasvase del rio Grande, y a su vez permitir\u00e1 llevar los 3,2 m3\/segundo que Mendoza le \u201cadeuda\u201d a La Pampa, seg\u00fan lo estableci\u00f3 el \u201cAcuerdo<br \/>\ndel Atuel\u201d.<\/p>\n<p>O sea, que por ahora no hay otra opci\u00f3n que ampliar el \u00e1rea destinada a agricultura en el sur mendocino, lo cual implica tener que responder a infinidad de preguntas.<\/p>\n<p>1. Cuantas hect\u00e1reas se pueden irrigar? D\u00f3nde est\u00e1n esas<br \/>\nhect\u00e1reas.? Quienes son los due\u00f1os.?<\/p>\n<p>2. Quien har\u00e1 la explotaci\u00f3n agr\u00edcola.? Que producir.? Como<br \/>\nproducir.?<\/p>\n<p>3. Este proyecto tiene capacidad de repago.? Cambia la matriz<br \/>\nproductiva de Mendoza.?<\/p>\n<p>Las respuestas ser\u00e1n necesariamente escuetas y quiz\u00e1s insuficientes, pero vale la pena empezar.<\/p>\n<p>El proyecto del 99, que encarg\u00f3 el Gobierno de Mendoza, preve\u00eda un incremental de 32.000 has en la cuenca de los r\u00edos Atuel y Diamante, con el trasvase del m\u00e1ximo posible de 34 m3. Hoy a la luz de la situaci\u00f3n actual, y pensando en una primera etapa del trasvase de solo 24 m3, podr\u00edamos estimar una superficie a incorporar, no superior a las 20.000 has, considerando un incremento en la cantidad de agua utilizada por hect\u00e1rea, como lamina de lixiviaci\u00f3n necesaria para evitar la salinizaci\u00f3n de los<br \/>\nsuelos.<\/p>\n<p>Esta superficie es la natural extensi\u00f3n de la actual \u00e1rea cultivada, al sur del rio Diamante, al este de las localidades de Monte Coman y Real del Padre, con l\u00edmite sur en el \u00e1rea cultivada de La Escandinava en Gral. Alvear. Se sabe que esa \u00e1rea, que en general es de unas 100.000 has, tiene condiciones agroecol\u00f3gicas aptas para la agricultura. En el departamento de Malarg\u00fce el proyecto original preve\u00eda un canal derivador que permite incorporar alrededor de 2.000 has productivas con un perfil propio de acuerdo a sus caracter\u00edsticas agroecol\u00f3gicas m\u00e1s dirigido a la explotaci\u00f3n<br \/>\nhort\u00edcola y forestal.<\/p>\n<p>Desconocemos por completo cual es la situaci\u00f3n de tenencia de esas tierras. Habr\u00e1 que hacer un pronto relevamiento y a continuaci\u00f3n proceder a la expropiaci\u00f3n de la superficie elegida, para evitar cualquier tipo de especulaci\u00f3n con esas tierras, adoptando como consigna que no hay trasvase si no hay tierra<br \/>\np\u00fablica.<\/p>\n<p>A partir de tener control sobre la tenencia de la tierra, se har\u00e1 un Plan Maestro compatibilizando el inter\u00e9s p\u00fablico y el privado por medio de concesiones de largo plazo, que garanticen la sustentabilidad del \u00e1rea y el inter\u00e9s econ\u00f3mico de los privados, ya sea en forma individual o bajo formas asociativas.<\/p>\n<p>El qu\u00e9 y c\u00f3mo producir, ser\u00e1 materia a desarrollar, pero no habr\u00e1 que ir muy lejos, para encontrar un modelo cercano al que se desarrolla en el resto del Oasis Sur, al menos para algunas hect\u00e1reas, incorporando la innovaci\u00f3n tecnol\u00f3gica y el modo de producir sustentable y compatible con lo ambiental. Sin embargo, creo que la mejor opci\u00f3n es acercar las inversiones al modelo de producci\u00f3n de granos y forraje bajo riego, asociado a la producci\u00f3n pecuaria, especialmente la cr\u00eda intensiva de cerdos y su industrializaci\u00f3n integral. La unidad econ\u00f3mica se acercar\u00eda a un m\u00f3dulo de Pivot con riego por aspersi\u00f3n de entre 100 y 200 hect\u00e1reas por parcela.<\/p>\n<p>En el proyecto original, hasta se proyectaba hacer parcelas de una hect\u00e1rea para el cultivo de esp\u00e1rragos\u00a1!. Ojala se logre.!. Esparragos, or\u00e9gano, berries, azafr\u00e1n \u00a1!. Flores \u00a1!. Uf \u00a1!. Como no so\u00f1ar.? Pero puestos los pies en la tierra es necesario tener tambi\u00e9n una opci\u00f3n de inversi\u00f3n privada, genuina y a escala.<\/p>\n<p>El acierto en el modelo de producci\u00f3n, asegurar\u00e1 el recupero de la inversi\u00f3n privada y la reinversi\u00f3n de los recursos p\u00fablicos en otras obras y mejoras.<\/p>\n<p>El trasvase en su alternativa A, o sea, la Presa de la Estrechura, y derivaci\u00f3n mediante un t\u00fanel al Rio Salado-Atuel, tiene a su vez un importante componente vinculado al turismo en toda la extensi\u00f3n<br \/>\nterritorial, que no ser\u00e1 por ahora parte de este debate.<\/p>\n<p>En cuanto a la \u00faltima pregunta, referida a si este proyecto cambiara la matriz productiva de Mendoza, la respuesta es, NO \u00a1!.<\/p>\n<p>Si las 300.000 has agr\u00edcolas actuales no pueden sustentar a los habitantes de toda la provincia, poco mejorar\u00e1 esa matriz con este proyecto funcionando, pero si tendr\u00e1 un fuerte impacto en el Oasis Sur, en la medida que se integre la cadena de valor, generando la agroindustria asociada que es la que permite generar nuevos empleos y mejores ingresos a la poblaci\u00f3n.<\/p>\n<p>Seguramente no se agotar\u00e1 aqu\u00ed el debate y ojal\u00e1 que as\u00ed sea, ya que nada mejor le puede pasar a un debate, que siga abierto y recibiendo nuevos aportes y as\u00ed enriqueci\u00e9ndose. Aqu\u00ed no hay muchas ideas propias, dir\u00eda que, a lo sumo, habr\u00e9 juntado muchas ideas ajenas, sobre todo las que se han vertido en m\u00e1s de un caf\u00e9 sabatino junto a otros mendocinos m\u00e1s ilustrados, compa\u00f1eros de penas y alegr\u00edas. Firmo al pie solo como referencia de identidad y fecha.<\/p>\n<p>Sirvan estas p\u00e1ginas solo como modesto aporte para continuar el debate.<\/p>\n<p><strong>NOTA DE OPINI\u00d3N <\/strong><\/p>\n<p><strong>Crist\u00f3bal Sola<\/strong><\/p>\n","protected":false},"excerpt":{"rendered":"<p>No podemos dejar de abordar el tema del trasvase de Rio Grande al Atuel. No solo porque es parte del proyecto &#8230;<\/p>\n","protected":false},"author":7,"featured_media":114442,"comment_status":"open","ping_status":"open","sticky":false,"template":"","format":"standard","meta":{"footnotes":""},"categories":[5,7],"tags":[],"class_list":["post-114440","post","type-post","status-publish","format-standard","has-post-thumbnail","hentry","category-actualidad","category-politica"],"_links":{"self":[{"href":"https:\/\/vinasfm.com\/noticias\/wp-json\/wp\/v2\/posts\/114440","targetHints":{"allow":["GET"]}}],"collection":[{"href":"https:\/\/vinasfm.com\/noticias\/wp-json\/wp\/v2\/posts"}],"about":[{"href":"https:\/\/vinasfm.com\/noticias\/wp-json\/wp\/v2\/types\/post"}],"author":[{"embeddable":true,"href":"https:\/\/vinasfm.com\/noticias\/wp-json\/wp\/v2\/users\/7"}],"replies":[{"embeddable":true,"href":"https:\/\/vinasfm.com\/noticias\/wp-json\/wp\/v2\/comments?post=114440"}],"version-history":[{"count":3,"href":"https:\/\/vinasfm.com\/noticias\/wp-json\/wp\/v2\/posts\/114440\/revisions"}],"predecessor-version":[{"id":114473,"href":"https:\/\/vinasfm.com\/noticias\/wp-json\/wp\/v2\/posts\/114440\/revisions\/114473"}],"wp:featuredmedia":[{"embeddable":true,"href":"https:\/\/vinasfm.com\/noticias\/wp-json\/wp\/v2\/media\/114442"}],"wp:attachment":[{"href":"https:\/\/vinasfm.com\/noticias\/wp-json\/wp\/v2\/media?parent=114440"}],"wp:term":[{"taxonomy":"category","embeddable":true,"href":"https:\/\/vinasfm.com\/noticias\/wp-json\/wp\/v2\/categories?post=114440"},{"taxonomy":"post_tag","embeddable":true,"href":"https:\/\/vinasfm.com\/noticias\/wp-json\/wp\/v2\/tags?post=114440"}],"curies":[{"name":"wp","href":"https:\/\/api.w.org\/{rel}","templated":true}]}}