{"id":114426,"date":"2022-10-12T08:22:48","date_gmt":"2022-10-12T11:22:48","guid":{"rendered":"http:\/\/vinasfm.com\/noticias\/?p=114426"},"modified":"2022-10-12T08:50:33","modified_gmt":"2022-10-12T11:50:33","slug":"mendoza-maker-la-feria-que-expone-los-conocimientos-en-ciencia-tecnologia-y-sustentabilidad","status":"publish","type":"post","link":"https:\/\/vinasfm.com\/noticias\/mendoza-maker-la-feria-que-expone-los-conocimientos-en-ciencia-tecnologia-y-sustentabilidad\/","title":{"rendered":"MENDOZA MAKER: LA FERIA QUE EXPONE LOS CONOCIMIENTOS EN CIENCIA, TECNOLOG\u00cdA Y SUSTENTABILIDAD"},"content":{"rendered":"<h4>En el marco del acto de apertura de \u00abMendoza Maker\u00bb, que se realiza en las instalaciones del Multiespacio Cultural Bodega Fara\u00f3n, el Intendente de General Alvear, Walther Marcolini reflexion\u00f3 sobre el papel que juega el mundo tecnol\u00f3gico en las escuelas.<\/h4>\n<p>Escuelas de General Alvear y San Rafael de todos los niveles y modalidades, participaron del \u201cMendoza Makers\u201d, \u201cDesaf\u00edos de Ciencia, Tecnolog\u00eda y Sustentabilidad\u201d. En total se presentaron 33 proyectos basados en la innovaci\u00f3n y la sustentabilidad.<\/p>\n<p>Mendoza Makers, naci\u00f3 con el objetivo de reunir a las comunidades educativas en torno a proyectos y desaf\u00edos pedag\u00f3gicos afines a las ciencias, el arte, la tecnolog\u00eda y la sostenibilidad en la vida cotidiana de los y las estudiantes, este evento busca convocar, visibilizar y poner en relevancia aquellos proyectos cient\u00edficos y tecnol\u00f3gicos, tanto \u00e1ulicos como institucionales, que se han desarrollado en todos los niveles y modalidades del sistema educativo en la provincia de Mendoza, durante el ciclo lectivo 2022.<\/p>\n<p>Se trata de una instancia de encuentro bajo el esp\u00edritu de una verdadera comunidad de aprendizaje, en la que todos los actores est\u00e1n convocados a compartir aprendizajes, dialogar sobre los desaf\u00edos de la ciencia y la tecnolog\u00eda en la vida cotidiana, conocer el accionar cient\u00edfico-tecnol\u00f3gico de su regi\u00f3n o provincia, postular inquietudes y buscar soluciones conjuntas a problemas reales.<\/p>\n<p><em><strong>&#8216;Se trata del mundo hacia donde vamos, el que estamos construyendo en la actualidad&#8217;<\/strong><\/em> expres\u00f3 el Intendente Walther Marcolini, en el e acto de apertura de Mendoza Maker, la feria de Desaf\u00edos de Ciencia, Tecnolog\u00eda y Sustentabilidad. <strong><em>&#8216;Es un mundo cambiante, que tiene enormes desaf\u00edos en base al conocimiento, porque esta es una sociedad del conocimiento, de los avances cient\u00edficos y tecnol\u00f3gicos que est\u00e1n permanentemente desafiando a los docentes&#8217;<\/em><\/strong> reflexion\u00f3 sobre la influencia de la tecnolog\u00eda en la actualidad.<\/p>\n<p><em><strong>&#8216;Esta generaci\u00f3n viene mediada por la tecnolog\u00eda, la generaci\u00f3n z es nativa digital, llegan al aula y sienten que no hay nada innovador&#8217;<\/strong><\/em> resalt\u00f3 el mandatario de la comuna y destac\u00f3 la labor de los docentes <strong><em>&#8216;&#8230;salvo cuando el docente tiene la capacidad de reinventarse. El aprendizaje basado en los proyectos tiene un enorme potencial para hacer que nuestros chicos desprendan toda su capacidad creativa&#8217;.<\/em><\/strong><\/p>\n<p><strong><em>&#8216;El aprendizaje hace muchos a\u00f1os se transform\u00f3 en un ida y vuelta, en un aprendizaje mutuo&#8217;<\/em><\/strong> mencion\u00f3 y subray\u00f3 que <strong><em>&#8216;claramente el docente es quien le da el conocimiento al ni\u00f1o pero tambi\u00e9n el escucharlo y descubrir sus habilidades creativas y de invenci\u00f3n tiene un enorme potencial para los que construimos la escuela&#8217;.<\/em><\/strong><\/p>\n<p><em><strong>&#8216;Tener una feria en donde los alumnos y j\u00f3venes pueda expresar las habilidades que tiene demuestra el enorme trabajo e reinvenci\u00f3n que realizan los docentes d\u00eda a d\u00eda&#8217;<\/strong><\/em>\u00a0 celebr\u00f3 Marcolini y sum\u00f3\u00a0<strong><em>&#8216;es importante escucharlo y tenerlo en cuanta al ni\u00f1o, que nos planteen desaf\u00edos y manifiesten sus desacuerdos, eso es lo valioso de estos encuentros&#8217;.<\/em><\/strong><\/p>\n<p><strong><em>&#8216;Hay que animar a las escuelas a sumarse, porque tienen mucho para dar&#8217;<\/em> <\/strong>concluy\u00f3 el Intendente de General Alvear, Walther Marcolini.<\/p>\n<h6>Gabriel Vallejos<\/h6>\n","protected":false},"excerpt":{"rendered":"<p>En el marco del acto de apertura de \u00abMendoza Maker\u00bb, que se realiza en las instalaciones del Multiespacio Cultural Bodega Fara\u00f3n, &#8230;<\/p>\n","protected":false},"author":7,"featured_media":114437,"comment_status":"open","ping_status":"open","sticky":false,"template":"","format":"standard","meta":{"footnotes":""},"categories":[5,10],"tags":[],"class_list":["post-114426","post","type-post","status-publish","format-standard","has-post-thumbnail","hentry","category-actualidad","category-destacadas"],"_links":{"self":[{"href":"https:\/\/vinasfm.com\/noticias\/wp-json\/wp\/v2\/posts\/114426","targetHints":{"allow":["GET"]}}],"collection":[{"href":"https:\/\/vinasfm.com\/noticias\/wp-json\/wp\/v2\/posts"}],"about":[{"href":"https:\/\/vinasfm.com\/noticias\/wp-json\/wp\/v2\/types\/post"}],"author":[{"embeddable":true,"href":"https:\/\/vinasfm.com\/noticias\/wp-json\/wp\/v2\/users\/7"}],"replies":[{"embeddable":true,"href":"https:\/\/vinasfm.com\/noticias\/wp-json\/wp\/v2\/comments?post=114426"}],"version-history":[{"count":4,"href":"https:\/\/vinasfm.com\/noticias\/wp-json\/wp\/v2\/posts\/114426\/revisions"}],"predecessor-version":[{"id":114478,"href":"https:\/\/vinasfm.com\/noticias\/wp-json\/wp\/v2\/posts\/114426\/revisions\/114478"}],"wp:featuredmedia":[{"embeddable":true,"href":"https:\/\/vinasfm.com\/noticias\/wp-json\/wp\/v2\/media\/114437"}],"wp:attachment":[{"href":"https:\/\/vinasfm.com\/noticias\/wp-json\/wp\/v2\/media?parent=114426"}],"wp:term":[{"taxonomy":"category","embeddable":true,"href":"https:\/\/vinasfm.com\/noticias\/wp-json\/wp\/v2\/categories?post=114426"},{"taxonomy":"post_tag","embeddable":true,"href":"https:\/\/vinasfm.com\/noticias\/wp-json\/wp\/v2\/tags?post=114426"}],"curies":[{"name":"wp","href":"https:\/\/api.w.org\/{rel}","templated":true}]}}