{"id":114393,"date":"2022-10-11T08:53:08","date_gmt":"2022-10-11T11:53:08","guid":{"rendered":"http:\/\/vinasfm.com\/noticias\/?p=114393"},"modified":"2022-10-11T10:43:20","modified_gmt":"2022-10-11T13:43:20","slug":"tardecitas-en-el-fin-de-semana-xxl","status":"publish","type":"post","link":"https:\/\/vinasfm.com\/noticias\/tardecitas-en-el-fin-de-semana-xxl\/","title":{"rendered":"\u00abTARDECITAS DE MERCADO\u00bb BRILL\u00d3 EN EL FIN DE SEMANA XXL"},"content":{"rendered":"<h4>El fin de semana XXL trajo consigo a cientos de turistas que decidieron transitar por General Alvear y explorar los atractivos culturales que ofrece el departamento.<\/h4>\n<p><em><strong>&#8216;Estamos disfrutando todo el fin de semana&#8217;<\/strong><\/em> mencion\u00f3 una turista bonaerense que visit\u00f3 \u00abTardecitas\u00bb en el departamento <strong><em>&#8216;vinimos a ver la feria municipal que ya hab\u00eda tenido comentarios, quise venir y compartir un poco&#8217;. &#8216;Soy mendocina, hace 33 a\u00f1os vivo en Buenos Aires y vengo cada tanto y lo encuentro muy cambiado y lindo&#8217;<\/em><\/strong> aludi\u00f3 la turista y destac\u00f3 la belleza que encuentra en <em><strong>las veredas, los comercios, las plazas y la entrada a General Alvear, <\/strong><\/em>cada vez que regresa.<\/p>\n<p>Como cada domingo, \u00abTardecitas en el Mercado\u00bb convoca a expositores y emprendedores, mientras se transforma en una \u00a0alternativa para la econom\u00eda emprendedora, <em><strong>&#8216;hay muchas cosas artesanales, muy lindas y a muy buen precio para llevar un regalito&#8217;<\/strong><\/em> resaltan los turistas. <strong><em>&#8216;Es lindo tener un lugar para venir a pasar los domingos en la tarde, porque eso all\u00e1 no tenemos<\/em><\/strong>&#8216; remarcan la diferencia tur\u00edstica y cultural entre Buenos Aires y el sur mendocino.<\/p>\n<p>En la misma tarde, se realiz\u00f3 el primer encuentro art\u00edstico multicultural, <em><strong>&#8216;consta de diversas actividades que tiene que ver con nuestro arte&#8217;<\/strong> <\/em>explic\u00f3 su organizador Miguel Bustamante y mencion\u00f3 que algunas de las actividades son <em><strong>&#8216;danza contempor\u00e1nea y teatro&#8217;.\u00a0<\/strong><\/em><\/p>\n<p><strong><em>&#8216;Para nosotros es una gran ayuda de mostrarnos a nosotros y a nuestro arte&#8217;<\/em><\/strong> destac\u00f3 con agradecimiento los eventos culturales que se realizan en General Alvear que permiten que se expanda el arte regional.<\/p>\n<h6>Gabriel Vallejos<\/h6>\n","protected":false},"excerpt":{"rendered":"<p>El fin de semana XXL trajo consigo a cientos de turistas que decidieron transitar por General Alvear y explorar los atractivos &#8230;<\/p>\n","protected":false},"author":7,"featured_media":114396,"comment_status":"open","ping_status":"open","sticky":false,"template":"","format":"standard","meta":{"footnotes":""},"categories":[1],"tags":[],"class_list":["post-114393","post","type-post","status-publish","format-standard","has-post-thumbnail","hentry","category-fmvinas"],"_links":{"self":[{"href":"https:\/\/vinasfm.com\/noticias\/wp-json\/wp\/v2\/posts\/114393","targetHints":{"allow":["GET"]}}],"collection":[{"href":"https:\/\/vinasfm.com\/noticias\/wp-json\/wp\/v2\/posts"}],"about":[{"href":"https:\/\/vinasfm.com\/noticias\/wp-json\/wp\/v2\/types\/post"}],"author":[{"embeddable":true,"href":"https:\/\/vinasfm.com\/noticias\/wp-json\/wp\/v2\/users\/7"}],"replies":[{"embeddable":true,"href":"https:\/\/vinasfm.com\/noticias\/wp-json\/wp\/v2\/comments?post=114393"}],"version-history":[{"count":2,"href":"https:\/\/vinasfm.com\/noticias\/wp-json\/wp\/v2\/posts\/114393\/revisions"}],"predecessor-version":[{"id":114398,"href":"https:\/\/vinasfm.com\/noticias\/wp-json\/wp\/v2\/posts\/114393\/revisions\/114398"}],"wp:featuredmedia":[{"embeddable":true,"href":"https:\/\/vinasfm.com\/noticias\/wp-json\/wp\/v2\/media\/114396"}],"wp:attachment":[{"href":"https:\/\/vinasfm.com\/noticias\/wp-json\/wp\/v2\/media?parent=114393"}],"wp:term":[{"taxonomy":"category","embeddable":true,"href":"https:\/\/vinasfm.com\/noticias\/wp-json\/wp\/v2\/categories?post=114393"},{"taxonomy":"post_tag","embeddable":true,"href":"https:\/\/vinasfm.com\/noticias\/wp-json\/wp\/v2\/tags?post=114393"}],"curies":[{"name":"wp","href":"https:\/\/api.w.org\/{rel}","templated":true}]}}