{"id":114385,"date":"2022-10-09T11:41:41","date_gmt":"2022-10-09T14:41:41","guid":{"rendered":"http:\/\/vinasfm.com\/noticias\/?p=114385"},"modified":"2022-10-12T08:20:07","modified_gmt":"2022-10-12T11:20:07","slug":"agua-los-problemas-que-enfreta-el-plan-de-suarez","status":"publish","type":"post","link":"https:\/\/vinasfm.com\/noticias\/agua-los-problemas-que-enfreta-el-plan-de-suarez\/","title":{"rendered":"AGUA: LOS PROBLEMAS QUE ENFRETA EL PLAN DE SUAREZ"},"content":{"rendered":"<h4 class=\"note__epigraph\">El Gobierno quiere proyectar a 40 a\u00f1os varias medidas para cuidar el recurso, como la instalaci\u00f3n de medidores. Las cifras del consumo y la realidad de los peque\u00f1os prestadores.<\/h4>\n<p>Sin mucho detalle, pero con la premisa pol\u00edtica de aceptar propuestas de la oposici\u00f3n, el Gobierno inici\u00f3 la semana pasada las conversaciones con los intendentes para dar el primer paso hacia\u00a0<strong>un plan de consumo del agua potable que quiere proyectar a 40 a\u00f1os<\/strong>. Una iniaciativa que as\u00ed como incluye obras y medidas para evitar el derroche, tambi\u00e9n\u00a0<strong>ha generado m\u00e1s de una pregunta<\/strong>\u00a0sobre una cuesti\u00f3n muy sensible que ha generado conflictos dom\u00e9sticos.<\/p>\n<p>A lo largo de este a\u00f1o, los problemas con el agua han atravesado la agenda pol\u00edtica. En el seno del\u00a0<strong>Consejo Econ\u00f3mico, Ambiental y Social<\/strong>\u00a0se present\u00f3 un\u00a0<strong>Plan de Gesti\u00f3n Integral del Recurso H\u00eddrico<\/strong>. Ya tendr\u00edan que haber comenzado con el diagn\u00f3stico, pero hasta ahora no ha habido novedades. El otro cap\u00edtulo obedece al acuerdo que el gobernador firm\u00f3 con la empresa de agua p\u00fablica de Israel,\u00a0<strong>Mekorot<\/strong>, para dise\u00f1ar otro plan a 30 a\u00f1os.<\/p>\n<p>Para los observadores de la problem\u00e1tica, el Gobierno est\u00e1 tirando sobre la mesa\u00a0<strong>una cantidad de acciones que no termina de darle forma<\/strong>, ni explicar cu\u00e1n vinculadas est\u00e9n en algunos casos, como es el caso de la experiencia israel\u00ed y el lanzamiento de esta semana.<\/p>\n<h4><strong>Una mirada al futuro con preguntas en el presente<\/strong><\/h4>\n<p>Por lo pronto, este plan integral se enfoca en\u00a0<strong>la cuenca con mayor cantidad de consumidores, la del Gran Mendoza<\/strong>. Apunta a mantener el mismo nivel de consumo para la\u00a0<strong>d\u00e9cada del 2.060<\/strong>\u00a0si se realizan ciertas acciones: ese nivel est\u00e1 hoy en\u00a0<strong>7,5 metros c\u00fabicos por segundo<\/strong>, lo que actualmente se extrae al r\u00edo Mendoza para todo tipo de uso humano. Para tener en cuenta,\u00a0<strong>el 12% del agua potable que consumimos en este o\u00e1sis la sacamos de este r\u00edo<\/strong>. Es la cuenca\u00a0<strong>m\u00e1s explotada<\/strong>\u00a0y, al mismo tiempo, la\u00a0<strong>m\u00e1s complicada<\/strong>, en palabras de Alejandro Gallego, titular de Aysam.<\/p>\n<p>Lo que desde ya plantea al menos una interrogante:<strong>\u00a0\u00bfse podr\u00e1 mantener esa cifra si tenemos en cuenta el impacto que tiene el cambio clim\u00e1tico en nuestra cordillera, que es nuestro dep\u00f3sito de agua?<\/strong><\/p>\n<p>La pregunta hacia adelante se responde con los datos que tiene el\u00a0<strong>Ianigla<\/strong>\u00a0respecto de los glaciares que alimentan a la cuenca. Actualmente hay\u00a0<strong>1.600 glaciares<\/strong>\u00a0en esta regi\u00f3n. Para tener una magnitud de lo que hay en nuestras monta\u00f1as: los cient\u00edficos han identificado\u00a0<strong>520 kil\u00f3metros cuadrados de hielo con glaciares<\/strong>\u00a0-entre cubiertos, descubiertos y de escombros- y que se ubican\u00a0<strong>al oeste de Luj\u00e1n de Cuyo y de Las Heras<\/strong>. El glaciar\u00a0<strong>m\u00e1s grande tiene 28 kil\u00f3metros cuadrados<\/strong>\u00a0y se encuentra en la ladera del cerro Tupungato. A diferencia de otros, no tiene nombre.<\/p>\n<p>Ahora bien, el relevamiento de\u00a0 2018 permiti\u00f3 determinar que\u00a0<strong>desde mediados de la d\u00e9cada del 80, el \u00e1rea de glaciares de la cuenca del Gran Mendoza se ha reducido en un 30%<\/strong>.<\/p>\n<p>En el Conicet local ya est\u00e1n trabajando en el pr\u00f3ximo inventario de glaciares, cuyos datos provisorios a corregir estar\u00e1n en dos o tres a\u00f1os. Pero advierten: \u00ab<strong>Bajo las actuales condiciones, no es reversible. Para revertir debe haber m\u00e1s precipitaciones y que las temperaturas se reduzcan<\/strong>\u00ab, evalu\u00f3 Laura Zalazar, del Ianigla. Un futuro m\u00e1s que complicado.<\/p>\n","protected":false},"excerpt":{"rendered":"<p>El Gobierno quiere proyectar a 40 a\u00f1os varias medidas para cuidar el recurso, como la instalaci\u00f3n de medidores. Las cifras del &#8230;<\/p>\n","protected":false},"author":7,"featured_media":114386,"comment_status":"open","ping_status":"open","sticky":false,"template":"","format":"standard","meta":{"footnotes":""},"categories":[5,10],"tags":[],"class_list":["post-114385","post","type-post","status-publish","format-standard","has-post-thumbnail","hentry","category-actualidad","category-destacadas"],"_links":{"self":[{"href":"https:\/\/vinasfm.com\/noticias\/wp-json\/wp\/v2\/posts\/114385","targetHints":{"allow":["GET"]}}],"collection":[{"href":"https:\/\/vinasfm.com\/noticias\/wp-json\/wp\/v2\/posts"}],"about":[{"href":"https:\/\/vinasfm.com\/noticias\/wp-json\/wp\/v2\/types\/post"}],"author":[{"embeddable":true,"href":"https:\/\/vinasfm.com\/noticias\/wp-json\/wp\/v2\/users\/7"}],"replies":[{"embeddable":true,"href":"https:\/\/vinasfm.com\/noticias\/wp-json\/wp\/v2\/comments?post=114385"}],"version-history":[{"count":1,"href":"https:\/\/vinasfm.com\/noticias\/wp-json\/wp\/v2\/posts\/114385\/revisions"}],"predecessor-version":[{"id":114387,"href":"https:\/\/vinasfm.com\/noticias\/wp-json\/wp\/v2\/posts\/114385\/revisions\/114387"}],"wp:featuredmedia":[{"embeddable":true,"href":"https:\/\/vinasfm.com\/noticias\/wp-json\/wp\/v2\/media\/114386"}],"wp:attachment":[{"href":"https:\/\/vinasfm.com\/noticias\/wp-json\/wp\/v2\/media?parent=114385"}],"wp:term":[{"taxonomy":"category","embeddable":true,"href":"https:\/\/vinasfm.com\/noticias\/wp-json\/wp\/v2\/categories?post=114385"},{"taxonomy":"post_tag","embeddable":true,"href":"https:\/\/vinasfm.com\/noticias\/wp-json\/wp\/v2\/tags?post=114385"}],"curies":[{"name":"wp","href":"https:\/\/api.w.org\/{rel}","templated":true}]}}