{"id":114345,"date":"2022-10-10T00:04:54","date_gmt":"2022-10-10T03:04:54","guid":{"rendered":"http:\/\/vinasfm.com\/noticias\/?p=114345"},"modified":"2022-10-10T09:46:33","modified_gmt":"2022-10-10T12:46:33","slug":"jose-moran-hablo-acerca-del-trasvase-y-de-lo-sucedido-en-la-reunion-con-adicapif","status":"publish","type":"post","link":"https:\/\/vinasfm.com\/noticias\/jose-moran-hablo-acerca-del-trasvase-y-de-lo-sucedido-en-la-reunion-con-adicapif\/","title":{"rendered":"JOS\u00c9 MORAN HABL\u00d3 ACERCA DEL TRASVASE Y DE LO SUCEDIDO EN LA REUNI\u00d3N CON ADICAPIF"},"content":{"rendered":"<h4>Luego de la reuni\u00f3n con ADICAPIF el concejal de la UCR Jos\u00e9 Moran hablo acerca de lo ocurrido, no obstante, tambi\u00e9n dialogo acerca del Trasvase y como se ha estado trabajando en los \u00faltimos meses desde el HCD<\/h4>\n<p>En primer lugar, detall\u00f3 lo ocurrido con ADICAPIF: <strong><em>\u2018Hace unos d\u00edas nos reunimos con Marcelo Afronti, \u00e9l es encargado regional que tiene a su cargo alrededor de 8 provincias, tambi\u00e9n estuvo presente el inspector de la zona y algunos comercios, hicimos muchas preguntas acerca de este tema la mayor\u00eda quedaron bastante inconclusas y no se termin\u00f3 de entender, ellos se escudan solo con que esto es una Ley Nacional y deben cobrar dicho arancel\u2019<\/em><\/strong><\/p>\n<p>Por otro lado, habl\u00f3 acerca del Trasvase, tema actual en toda la provincia de Mendoza: <strong><em>\u2018El concejo est\u00e1 trabajando desde hace varios meses, hemos estado hablando con gente especializada en el tema, esto avanzo y hay un proyecto de resoluci\u00f3n que esta desde el 27 de abril en el HCD, hace unos d\u00edas atr\u00e1s hubo una aprobaci\u00f3n en comisi\u00f3n por todos los concejales donde sali\u00f3 aprobado el Portezuelo por la Cuenca Alta, creemos que es lo conveniente para todos\u2019<\/em><\/strong><\/p>\n<h6>Ludmila Lucero<\/h6>\n","protected":false},"excerpt":{"rendered":"<p>Luego de la reuni\u00f3n con ADICAPIF el concejal de la UCR Jos\u00e9 Moran hablo acerca de lo ocurrido, no obstante, tambi\u00e9n &#8230;<\/p>\n","protected":false},"author":7,"featured_media":92423,"comment_status":"open","ping_status":"open","sticky":false,"template":"","format":"standard","meta":{"footnotes":""},"categories":[1],"tags":[],"class_list":["post-114345","post","type-post","status-publish","format-standard","has-post-thumbnail","hentry","category-fmvinas"],"_links":{"self":[{"href":"https:\/\/vinasfm.com\/noticias\/wp-json\/wp\/v2\/posts\/114345","targetHints":{"allow":["GET"]}}],"collection":[{"href":"https:\/\/vinasfm.com\/noticias\/wp-json\/wp\/v2\/posts"}],"about":[{"href":"https:\/\/vinasfm.com\/noticias\/wp-json\/wp\/v2\/types\/post"}],"author":[{"embeddable":true,"href":"https:\/\/vinasfm.com\/noticias\/wp-json\/wp\/v2\/users\/7"}],"replies":[{"embeddable":true,"href":"https:\/\/vinasfm.com\/noticias\/wp-json\/wp\/v2\/comments?post=114345"}],"version-history":[{"count":2,"href":"https:\/\/vinasfm.com\/noticias\/wp-json\/wp\/v2\/posts\/114345\/revisions"}],"predecessor-version":[{"id":114351,"href":"https:\/\/vinasfm.com\/noticias\/wp-json\/wp\/v2\/posts\/114345\/revisions\/114351"}],"wp:featuredmedia":[{"embeddable":true,"href":"https:\/\/vinasfm.com\/noticias\/wp-json\/wp\/v2\/media\/92423"}],"wp:attachment":[{"href":"https:\/\/vinasfm.com\/noticias\/wp-json\/wp\/v2\/media?parent=114345"}],"wp:term":[{"taxonomy":"category","embeddable":true,"href":"https:\/\/vinasfm.com\/noticias\/wp-json\/wp\/v2\/categories?post=114345"},{"taxonomy":"post_tag","embeddable":true,"href":"https:\/\/vinasfm.com\/noticias\/wp-json\/wp\/v2\/tags?post=114345"}],"curies":[{"name":"wp","href":"https:\/\/api.w.org\/{rel}","templated":true}]}}