{"id":114321,"date":"2022-10-07T12:17:33","date_gmt":"2022-10-07T15:17:33","guid":{"rendered":"http:\/\/vinasfm.com\/noticias\/?p=114321"},"modified":"2022-10-10T11:16:52","modified_gmt":"2022-10-10T14:16:52","slug":"la-contruccion-del-jardin-de-infantes-0-158-rosario-de-luz-esta-al-70","status":"publish","type":"post","link":"https:\/\/vinasfm.com\/noticias\/la-contruccion-del-jardin-de-infantes-0-158-rosario-de-luz-esta-al-70\/","title":{"rendered":"LA CONTRUCCI\u00d3N DEL JARD\u00cdN DE INFANTES 0-158 ROSARITO DE LUZ ESTA AL 70%"},"content":{"rendered":"<h4><strong>Obras P\u00fablicas tiene previsto que la obra quede terminada para el inicio del ciclo lectivo 2023. Se trata de un inmueble de 1.100 m2 con 6 salas de nivel inicial totalmente equipadas, que beneficiar\u00e1n la escolaridad de m\u00e1s de 200 alumnos del distrito Bowen. Se realiza con el m\u00e9todo<em>\u00a0steel framing.\u00a0<\/em>Inversi\u00f3n de $130 millones<\/strong><\/h4>\n<p>La construcci\u00f3n del nuevo edificio del Jard\u00edn de Infantes 0-158 Rosarito de Luz, de General Alvear, muestra un avance actual que ronda el 70%. La Subsecretar\u00eda de Obras P\u00fablicas tiene previsto terminarla a fines de febrero pr\u00f3ximo, con el objetivo de que la comunidad educativa pueda comenzar a utilizarlo desde el inicio del ciclo lectivo 2023.<\/p>\n<p>Por estos d\u00edas, la firma contratista, Planinka SRL, sigue con la colocaci\u00f3n de la tabiquer\u00eda con las placas que servir\u00e1n de muros y ya termin\u00f3 los pisos. Tambi\u00e9n puso en marcha la instalaci\u00f3n de la carpinter\u00eda met\u00e1lica en puertas y ventanas. Adem\u00e1s, comenz\u00f3 con las instalaciones de las ca\u00f1er\u00edas de los servicios de gas, electricidad, y agua, entre otras intervenciones.<\/p>\n<p>El proyecto general incluye la construcci\u00f3n de 1.100 m2 ubicado en la esquina de Humberto Artaza y Calle IV, del distrito Bowen. Ya se llen\u00f3 la base de hormig\u00f3n que sostendr\u00e1 al edificio y se ejecutaron los desag\u00fces cloacales y pluviales. Adem\u00e1s, se concret\u00f3 el armado de la estructura met\u00e1lica y se coloc\u00f3 toda la cubierta de techo.<\/p>\n<p>Una vez concluida, la obra beneficiar\u00e1 la escolaridad de m\u00e1s de 200 alumnos de Bowen y sus alrededores. Est\u00e1 prevista una inversi\u00f3n total que supera los $130 millones, que es financiada con fondos provinciales. As\u00ed, el jard\u00edn dejar\u00e1 de compartir edificio con la escuela 1-143 Pascual Segura, donde funciona en la actualidad.<\/p>\n<p>Son seis salas de nivel inicial, grupos sanitarios, patios de juegos y de formaci\u00f3n, SUM, cocina, y \u00e1rea administrativa y de gobierno. El proyecto del jard\u00edn fue dise\u00f1ado con galer\u00edas cerradas. La construcci\u00f3n del edificio educativo se realiza con el m\u00e9todo<em>\u00a0steel framing,\u00a0<\/em>que ofrece mayor rapidez en la ejecuci\u00f3n.<\/p>\n<p>El inmueble cuenta con muros de estructura liviana, sismo-resistentes, con aislaci\u00f3n termoac\u00fastica y una base de hormig\u00f3n, carpinter\u00eda en puertas y ventanas, y conexiones cloacales, de energ\u00eda el\u00e9ctrica y agua, entre otras prestaciones. La cubierta de techo del establecimiento tambi\u00e9n estar\u00e1 compuesta por materiales livianos, con chapa de zinc enmalletada y aislantes.<\/p>\n<p><strong>Otros cinco jardines que aumentaron la oferta educativa<\/strong><\/p>\n<p>Desde 2021 la provincia cuenta con otros 5 nuevos jardines de infantes que le proporcionan una mayor oferta educativa al sistema educativo para los ni\u00f1os de sala de 4 a\u00f1os.<\/p>\n<p>Se trata de 22 salas de nivel inicial que incrementaron el universo de jardines que Mendoza posee en la actualidad. En este sentido, son 5 departamentos (y sus zonas aleda\u00f1as y de influencia) que resultaron beneficiados con los trabajos y ya pueden contar con estos flamantes espacios para el aprendizaje.<\/p>\n<p>Las estructuras de los edificios tambi\u00e9n est\u00e1n hechas con el m\u00e9todo constructivo<em>\u00a0steel framing,\u00a0<\/em>que ayud\u00f3 a agilizar los tiempos de ejecuci\u00f3n respecto del sistema tradicional, por lo que fue mucho m\u00e1s r\u00e1pido el avance de las obras. Sin embargo, cuentan con el mismo nivel de seguridad edilicia, dado que se trata de estructuras livianas pero sismorresistentes.<\/p>\n<p>Las intervenciones en estos edificios educativos demandaron una inversi\u00f3n total que supera los $120 millones, que fueron financiados \u00edntegramente con fondos nacionales. Con estas construcciones, se han beneficiado casi 500 alumnos de nivel inicial en los departamentos involucrados y sus alrededores.<\/p>\n<p>Los establecimientos de nivel inicial que ya fueron terminados y entregados son el 0-000 A Crear, de Maip\u00fa, el 0-164 Sin Nombre, de Lavalle; el 0-057 Sin Nombre, de San Mart\u00edn; y el 0-107 Roberto L\u00f3pez Leyton, de Rivadavia. Mientras que tambi\u00e9n el 0-173 Sin Nombre, de Jun\u00edn, est\u00e1 siendo utilizado por docentes y alumnos desde el inicio del ciclo lectivo 2021.<\/p>\n","protected":false},"excerpt":{"rendered":"<p>Obras P\u00fablicas tiene previsto que la obra quede terminada para el inicio del ciclo lectivo 2023. Se trata de un inmueble &#8230;<\/p>\n","protected":false},"author":7,"featured_media":114324,"comment_status":"open","ping_status":"open","sticky":false,"template":"","format":"standard","meta":{"footnotes":""},"categories":[1],"tags":[],"class_list":["post-114321","post","type-post","status-publish","format-standard","has-post-thumbnail","hentry","category-fmvinas"],"_links":{"self":[{"href":"https:\/\/vinasfm.com\/noticias\/wp-json\/wp\/v2\/posts\/114321","targetHints":{"allow":["GET"]}}],"collection":[{"href":"https:\/\/vinasfm.com\/noticias\/wp-json\/wp\/v2\/posts"}],"about":[{"href":"https:\/\/vinasfm.com\/noticias\/wp-json\/wp\/v2\/types\/post"}],"author":[{"embeddable":true,"href":"https:\/\/vinasfm.com\/noticias\/wp-json\/wp\/v2\/users\/7"}],"replies":[{"embeddable":true,"href":"https:\/\/vinasfm.com\/noticias\/wp-json\/wp\/v2\/comments?post=114321"}],"version-history":[{"count":2,"href":"https:\/\/vinasfm.com\/noticias\/wp-json\/wp\/v2\/posts\/114321\/revisions"}],"predecessor-version":[{"id":114379,"href":"https:\/\/vinasfm.com\/noticias\/wp-json\/wp\/v2\/posts\/114321\/revisions\/114379"}],"wp:featuredmedia":[{"embeddable":true,"href":"https:\/\/vinasfm.com\/noticias\/wp-json\/wp\/v2\/media\/114324"}],"wp:attachment":[{"href":"https:\/\/vinasfm.com\/noticias\/wp-json\/wp\/v2\/media?parent=114321"}],"wp:term":[{"taxonomy":"category","embeddable":true,"href":"https:\/\/vinasfm.com\/noticias\/wp-json\/wp\/v2\/categories?post=114321"},{"taxonomy":"post_tag","embeddable":true,"href":"https:\/\/vinasfm.com\/noticias\/wp-json\/wp\/v2\/tags?post=114321"}],"curies":[{"name":"wp","href":"https:\/\/api.w.org\/{rel}","templated":true}]}}