{"id":114318,"date":"2022-10-07T21:18:58","date_gmt":"2022-10-08T00:18:58","guid":{"rendered":"http:\/\/vinasfm.com\/noticias\/?p=114318"},"modified":"2022-10-10T23:48:29","modified_gmt":"2022-10-11T02:48:29","slug":"sur-provincial-asi-trabajaran-los-comercios-este-fin-de-semana-xxl","status":"publish","type":"post","link":"https:\/\/vinasfm.com\/noticias\/sur-provincial-asi-trabajaran-los-comercios-este-fin-de-semana-xxl\/","title":{"rendered":"SUR PROVINCIAL: AS\u00cd TRABAJAR\u00c1N LOS COMERCIOS ESTE FIN DE SEMANA XXL"},"content":{"rendered":"<h4 class=\"news-headline__article-summary\">Sindicatos y uniones de comercio del Sur provincial explicaron cu\u00e1l ser\u00e1 la modalidad adoptada por los comercios este fin de semana extra large.<\/h4>\n<p>Este viernes inicia un<strong>\u00a0fin de semana extra large en el pa\u00eds<\/strong>\u00a0y siempre la pregunta es\u00a0c\u00f3mo funcionar\u00e1n los comercios. Para saber la respuesta a este interrogante en la zona sur de Mendoza, desde los sindicatos o uniones de comercio explicaron cu\u00e1l ser\u00e1 la modalidad adoptada ante estos d\u00edas de receso.<\/p>\n<p>En\u00a0General Alvear, quien habl\u00f3 fue Mart\u00edn Ayala, de la Especifica de Comercio, reconoci\u00f3 que\u00a0<strong><em>\u201cse puede trabajar en cualquier tipo de condiciones siempre arreglando con sus empleados el d\u00eda o el pago doble, como lo estipula la ley de trabajo. Por lo que consultamos, el viernes y s\u00e1bado ser\u00eda actividad normal por las ventas por el D\u00eda de la madre mientras que el lunes, no abrir\u00edan\u201d.<\/em><\/strong><\/p>\n<p>Seg\u00fan un comunicado, al sector gastron\u00f3mico se los <em><strong>\u00abinsta a contemplar durante estos d\u00edas la posibilidad de extender los horarios de cocina para que los turistas puedan disfrutar de las exquisiteces que ofrecen en un mayor lapso de tiempo\u00bb.<\/strong><\/em><\/p>\n<h6><\/h6>\n","protected":false},"excerpt":{"rendered":"<p>Sindicatos y uniones de comercio del Sur provincial explicaron cu\u00e1l ser\u00e1 la modalidad adoptada por los comercios este fin de semana &#8230;<\/p>\n","protected":false},"author":7,"featured_media":114320,"comment_status":"open","ping_status":"open","sticky":false,"template":"","format":"standard","meta":{"footnotes":""},"categories":[5,10],"tags":[],"class_list":["post-114318","post","type-post","status-publish","format-standard","has-post-thumbnail","hentry","category-actualidad","category-destacadas"],"_links":{"self":[{"href":"https:\/\/vinasfm.com\/noticias\/wp-json\/wp\/v2\/posts\/114318","targetHints":{"allow":["GET"]}}],"collection":[{"href":"https:\/\/vinasfm.com\/noticias\/wp-json\/wp\/v2\/posts"}],"about":[{"href":"https:\/\/vinasfm.com\/noticias\/wp-json\/wp\/v2\/types\/post"}],"author":[{"embeddable":true,"href":"https:\/\/vinasfm.com\/noticias\/wp-json\/wp\/v2\/users\/7"}],"replies":[{"embeddable":true,"href":"https:\/\/vinasfm.com\/noticias\/wp-json\/wp\/v2\/comments?post=114318"}],"version-history":[{"count":2,"href":"https:\/\/vinasfm.com\/noticias\/wp-json\/wp\/v2\/posts\/114318\/revisions"}],"predecessor-version":[{"id":114323,"href":"https:\/\/vinasfm.com\/noticias\/wp-json\/wp\/v2\/posts\/114318\/revisions\/114323"}],"wp:featuredmedia":[{"embeddable":true,"href":"https:\/\/vinasfm.com\/noticias\/wp-json\/wp\/v2\/media\/114320"}],"wp:attachment":[{"href":"https:\/\/vinasfm.com\/noticias\/wp-json\/wp\/v2\/media?parent=114318"}],"wp:term":[{"taxonomy":"category","embeddable":true,"href":"https:\/\/vinasfm.com\/noticias\/wp-json\/wp\/v2\/categories?post=114318"},{"taxonomy":"post_tag","embeddable":true,"href":"https:\/\/vinasfm.com\/noticias\/wp-json\/wp\/v2\/tags?post=114318"}],"curies":[{"name":"wp","href":"https:\/\/api.w.org\/{rel}","templated":true}]}}