{"id":114314,"date":"2022-10-10T09:16:29","date_gmt":"2022-10-10T12:16:29","guid":{"rendered":"http:\/\/vinasfm.com\/noticias\/?p=114314"},"modified":"2022-10-10T10:23:02","modified_gmt":"2022-10-10T13:23:02","slug":"__trashed-36","status":"publish","type":"post","link":"https:\/\/vinasfm.com\/noticias\/__trashed-36\/","title":{"rendered":"MERCCOOP: COMIENZAN LOS TRABAJOS EN EL PR\u00d3XIMO MERCADO CONCENTRADOR COOPERATIVO"},"content":{"rendered":"<h4>Carlos Ponce y Agust\u00edn Anzorena, estuvieron \u00abPuntos de Vistas\u00bb emitido los s\u00e1bados y hablaron sobre el Mercado Concentrador Cooperativo que trabajar\u00e1 en el acceso sur a General Alvear.<\/h4>\n<p>Carlos Ponce, Secretario de Desarrollo y Promoci\u00f3n departamental se refiri\u00f3 sobre el pr\u00f3ximo funcionamiento de merCCoop <em><strong>&#8216;nos encontramos bastante ansiosos por el Mercado Concentrador, estamos en instancia de la conformaci\u00f3n de la cooperativa que va a ser el modelo de gesti\u00f3n que va a llevar adelante el mercado, comenzamos con las tereas de recuperaci\u00f3n del inmueble&#8217;<\/strong><\/em> y sum\u00f3 <strong><em>&#8216;once productores, una comisi\u00f3n fuerte de productores que conforman la cooperativa&#8217;.<\/em><\/strong> El asesoramiento de la cooperativa fue cubierto por el Municipio, pero <strong><em>&#8216;se ha tenido que hacer un arduo trabajo que fue lograr impulsar, y mantener el afecto societario&#8217;<\/em><\/strong> manifest\u00f3 Ponce y remarc\u00f3 <strong><em>&#8216;no es f\u00e1cil constituir una nueva persona jur\u00eddica, es una nueva empresa que se pone en funcionamiento&#8217;.\u00a0<\/em><\/strong><\/p>\n<p><strong><em>&#8216;La idea es conformar la cooperativa y que el cualquier productor que quiera pueda sumarse, siempre van a estar abiertas las puertas para quienes quieran ser partes&#8217;<\/em><\/strong> mencion\u00f3 acerca de la conformaci\u00f3n de la cooperativa que ya ha puesto en marcha lo que ser\u00e1 el Mercado Concentrador Cooperativo. <strong><em>&#8216;En un momento \u00e9ramos 30 personas que por equis motivo se fueron bajando as\u00ed que fuimos invitando a las cooperativas de productores y quedaron los 11 productores&#8217;<\/em><\/strong> indic\u00f3 acerca de la formaci\u00f3n de la cooperativa, que no est\u00e1 sujeta solo a estos productores.<\/p>\n<p><strong><em>&#8216;N0 nos devolvieron un mercado, nos devolvieron un galp\u00f3n con todas las instalaciones del ba\u00f1o rotas, la electricidad obsoleta&#8230; empezamos con un proyecto sobre lo que se necesita en lo inmediato para poner en funcionamiento al mercado&#8217;<\/em> <\/strong>mencion\u00f3 el Director de Agricultura Agust\u00edn Anzorena, en cuanto a las restauraciones y el reacondicionamiento del inmueble, que ya est\u00e1n en marcha junto a la Secretar\u00eda de Obras y Servicios P\u00fablicos.<\/p>\n<p>Junto a la comisi\u00f3n del mercado se debe acordar la distribuci\u00f3n de los futuros puestos que funcionar\u00e1n en el mercado, <strong><em>&#8216;de acuerdo a lo que ellos quieran vamos a trabajar en la cantidad de puestos que ellos decidan, vamos a entregar el galp\u00f3n con todas las condiciones para que solo tengan que ingresar a trabajar&#8217;.\u00a0<\/em><\/strong><\/p>\n<p>En cuanto al uso que se le dar\u00e1 del inmueble mencionaron <strong><em>&#8216;hay distintos perfiles productores, algunos lo usar\u00e1n de carga y descarga, hay productores que tienen mucha movida y que ser\u00e1n los que seguramente van a traer a los clientes, otros tienen la idea de traer frutas que no hay en el departamento para venderlos a los clientes que viajan al sur&#8217;.<\/em><\/strong><\/p>\n<p><em><strong>&#8216;Trabajar\u00e1 el modelo de cooperativa&#8217;.<\/strong><\/em> Los productores que est\u00e1n instalados en el mercado nacional permitir\u00e1n exponer a los productores locales que no tienen tanto posicionamiento en el mercado &#8216;<strong><em>por eso se entendi\u00f3 que el mercado bajo la modalidad cooperativa va a ser una figura que va a proteger en t\u00e9rminos generales no solo a estos primeros asociados, sino que tambi\u00e9n a los que se vayan sumando&#8217;<\/em><\/strong> destacaron y aclararon que <strong><em>&#8216;el Municipio no est\u00e1 trabajando de forma activa, sabemos que tiene que ser de gesti\u00f3n privada&#8217;.<\/em><\/strong><\/p>\n<h6>Gabriel Vallejos<\/h6>\n","protected":false},"excerpt":{"rendered":"<p>Carlos Ponce y Agust\u00edn Anzorena, estuvieron \u00abPuntos de Vistas\u00bb emitido los s\u00e1bados y hablaron sobre el Mercado Concentrador Cooperativo que trabajar\u00e1 &#8230;<\/p>\n","protected":false},"author":7,"featured_media":114358,"comment_status":"open","ping_status":"open","sticky":false,"template":"","format":"standard","meta":{"footnotes":""},"categories":[1],"tags":[],"class_list":["post-114314","post","type-post","status-publish","format-standard","has-post-thumbnail","hentry","category-fmvinas"],"_links":{"self":[{"href":"https:\/\/vinasfm.com\/noticias\/wp-json\/wp\/v2\/posts\/114314","targetHints":{"allow":["GET"]}}],"collection":[{"href":"https:\/\/vinasfm.com\/noticias\/wp-json\/wp\/v2\/posts"}],"about":[{"href":"https:\/\/vinasfm.com\/noticias\/wp-json\/wp\/v2\/types\/post"}],"author":[{"embeddable":true,"href":"https:\/\/vinasfm.com\/noticias\/wp-json\/wp\/v2\/users\/7"}],"replies":[{"embeddable":true,"href":"https:\/\/vinasfm.com\/noticias\/wp-json\/wp\/v2\/comments?post=114314"}],"version-history":[{"count":4,"href":"https:\/\/vinasfm.com\/noticias\/wp-json\/wp\/v2\/posts\/114314\/revisions"}],"predecessor-version":[{"id":114367,"href":"https:\/\/vinasfm.com\/noticias\/wp-json\/wp\/v2\/posts\/114314\/revisions\/114367"}],"wp:featuredmedia":[{"embeddable":true,"href":"https:\/\/vinasfm.com\/noticias\/wp-json\/wp\/v2\/media\/114358"}],"wp:attachment":[{"href":"https:\/\/vinasfm.com\/noticias\/wp-json\/wp\/v2\/media?parent=114314"}],"wp:term":[{"taxonomy":"category","embeddable":true,"href":"https:\/\/vinasfm.com\/noticias\/wp-json\/wp\/v2\/categories?post=114314"},{"taxonomy":"post_tag","embeddable":true,"href":"https:\/\/vinasfm.com\/noticias\/wp-json\/wp\/v2\/tags?post=114314"}],"curies":[{"name":"wp","href":"https:\/\/api.w.org\/{rel}","templated":true}]}}