{"id":114294,"date":"2022-10-07T09:04:12","date_gmt":"2022-10-07T12:04:12","guid":{"rendered":"http:\/\/vinasfm.com\/noticias\/?p=114294"},"modified":"2022-10-07T10:24:10","modified_gmt":"2022-10-07T13:24:10","slug":"marcolini-hablo-acerca-del-proximo-funcionamiento-de-merccoop-no-tenemos-tiempo-para-el-fracaso","status":"publish","type":"post","link":"https:\/\/vinasfm.com\/noticias\/marcolini-hablo-acerca-del-proximo-funcionamiento-de-merccoop-no-tenemos-tiempo-para-el-fracaso\/","title":{"rendered":"MARCOLINI HABL\u00d3 ACERCA DEL PR\u00d3XIMO FUNCIONAMIENTO DE MERCCOOP: &#8216;NO TENEMOS TIEMPO PARA EL FRACASO&#8217;"},"content":{"rendered":"<h4>Walther Marcolini, Intendente de General Alvear, en conferencia de prensa habl\u00f3 acerca del cercano funcionamiento del Mercado Concentrado Cooperativo (merCCoop), un espacio destinado a los productores de la regi\u00f3n, que viene a concretar un gran anhelo y a suplir una necesidad del sector.<\/h4>\n<p><em><strong>&#8216;Estamos dando un paso importante que es la conformaci\u00f3n del Mercado Concentrado Cooperativo&#8217;<\/strong><\/em> anunci\u00f3 el Intendente de Gral. Alvear, Walther Marcolini, en conferencia de prensa y agreg\u00f3 <em><strong>&#8216;es una figura que para nosotros tiene mucho peso en pensar que el d\u00eda de ma\u00f1a termina de crecer y no termina concentrado en alguien puntual&#8217;<\/strong><\/em>\u00a0 gracias a su posici\u00f3n estrat\u00e9gica en el exceso sur de la ciudad <strong><em>&#8216;las empresas puedan formar parte de un mercado logre transformarse en un lugar de venta y comercializaci\u00f3n para nuestra producci\u00f3n central y las que se puedan incluir&#8217;. <\/em><em>&#8216;Fue fundamental recuperar este medio, que tiene 4 hect\u00e1reas, pero debemos trabajar sobre ruta nacional trabajar bien la log\u00edstica, el ingreso y salida de camiones sin que perjudique el transito en la ruta&#8217;<\/em><\/strong> destac\u00f3 el jefe de la Comuna.<\/p>\n<p><em><strong>&#8216;A diferencia de hace unas d\u00e9cadas atr\u00e1s, que Alvear tenga un sector productivo primario con la capacidad de transportarlo a varios lugares del pa\u00eds es un paso m\u00e1s&#8217;<\/strong><\/em> destac\u00f3 de acuerdo al avance del departamento. El municipio se ha comprometido a realizar una seria de inversiones con la intenci\u00f3n de que cuando termine el a\u00f1o esto se ponga en marcha &#8216;<em><strong>haremos el mejor esfuerzo tanto la cooperativa como el municipio, en forma conjunto para poder cumplir en ese plazo&#8217;.<\/strong><\/em><\/p>\n<p><strong><em>&#8216;Es importante pensarnos como regi\u00f3n porque esa es la idea, el mercado de concentraci\u00f3n tiene que tener todo lo que pueda ser producido para poder transformarse en un punto de comercializaci\u00f3n importante&#8217;<\/em><\/strong> mencion\u00f3 Marcolini en cuanto a los beneficios que traer\u00e1 el funcionamiento del Mercado Concentrado Cooperativo.<\/p>\n<p><strong><em>&#8216;El predio es propiedad del Municipio, hubo un per\u00edodo en que estuvo usurpado pero que se solucion\u00f3 y se va a otorgar en comodato para que no vuelva a suceder lo que pas\u00f3 en un momento&#8217; <\/em><\/strong>manifest\u00f3 acerca de la judicializaci\u00f3n del terreno. En cuanto al airoso funcionamiento de meCCoop indic\u00f3 <em><strong>&#8216;tiene que conformarse bien, tiene que ser un grupo y tiene que tener una relaci\u00f3n p\u00fablico privado&#8217;.<\/strong><\/em> <strong><em>&#8216;No tenemos tiempo para fracasos&#8217;<\/em> <\/strong>remat\u00f3 el Intendente de General Alvear Walther Marcolini.<\/p>\n<h6>Gabriel Vallejos<\/h6>\n","protected":false},"excerpt":{"rendered":"<p>Walther Marcolini, Intendente de General Alvear, en conferencia de prensa habl\u00f3 acerca del cercano funcionamiento del Mercado Concentrado Cooperativo (merCCoop), un &#8230;<\/p>\n","protected":false},"author":7,"featured_media":114300,"comment_status":"open","ping_status":"open","sticky":false,"template":"","format":"standard","meta":{"footnotes":""},"categories":[1],"tags":[],"class_list":["post-114294","post","type-post","status-publish","format-standard","has-post-thumbnail","hentry","category-fmvinas"],"_links":{"self":[{"href":"https:\/\/vinasfm.com\/noticias\/wp-json\/wp\/v2\/posts\/114294","targetHints":{"allow":["GET"]}}],"collection":[{"href":"https:\/\/vinasfm.com\/noticias\/wp-json\/wp\/v2\/posts"}],"about":[{"href":"https:\/\/vinasfm.com\/noticias\/wp-json\/wp\/v2\/types\/post"}],"author":[{"embeddable":true,"href":"https:\/\/vinasfm.com\/noticias\/wp-json\/wp\/v2\/users\/7"}],"replies":[{"embeddable":true,"href":"https:\/\/vinasfm.com\/noticias\/wp-json\/wp\/v2\/comments?post=114294"}],"version-history":[{"count":5,"href":"https:\/\/vinasfm.com\/noticias\/wp-json\/wp\/v2\/posts\/114294\/revisions"}],"predecessor-version":[{"id":114313,"href":"https:\/\/vinasfm.com\/noticias\/wp-json\/wp\/v2\/posts\/114294\/revisions\/114313"}],"wp:featuredmedia":[{"embeddable":true,"href":"https:\/\/vinasfm.com\/noticias\/wp-json\/wp\/v2\/media\/114300"}],"wp:attachment":[{"href":"https:\/\/vinasfm.com\/noticias\/wp-json\/wp\/v2\/media?parent=114294"}],"wp:term":[{"taxonomy":"category","embeddable":true,"href":"https:\/\/vinasfm.com\/noticias\/wp-json\/wp\/v2\/categories?post=114294"},{"taxonomy":"post_tag","embeddable":true,"href":"https:\/\/vinasfm.com\/noticias\/wp-json\/wp\/v2\/tags?post=114294"}],"curies":[{"name":"wp","href":"https:\/\/api.w.org\/{rel}","templated":true}]}}