{"id":114283,"date":"2022-10-07T00:27:59","date_gmt":"2022-10-07T03:27:59","guid":{"rendered":"http:\/\/vinasfm.com\/noticias\/?p=114283"},"modified":"2022-10-07T12:19:15","modified_gmt":"2022-10-07T15:19:15","slug":"jorge-difonso-sobre-el-trasvase-el-futuro-de-las-obras-en-mendoza-estan-en-interior-de-la-provincia","status":"publish","type":"post","link":"https:\/\/vinasfm.com\/noticias\/jorge-difonso-sobre-el-trasvase-el-futuro-de-las-obras-en-mendoza-estan-en-interior-de-la-provincia\/","title":{"rendered":"JORGE DIFONSO SOBRE EL TRASVASE: \u00abEL FUTURO DE LAS OBRAS EN MENDOZA ESTAN EN EL INTERIOR DE LA PROVINCIA\u00bb"},"content":{"rendered":"<h4><strong>En una charla abierta desde el Sum de la C\u00e1mara de Comercio junto a productores, industriales y p\u00fablico en general, el Diputado Provincial Jorge Difonso y el especialista en temas h\u00eddricos Mart\u00edn Garbuio hablaron de la importancia del desarrollo del Trasvase del R\u00edo Grande al Atuel<\/strong><\/h4>\n<p>En primer lugar, el Diputado por el Frente Renovador-Uni\u00f3n Popular expres\u00f3 su preocupaci\u00f3n por las altas sequ\u00edas que est\u00e1 viviendo la provincia: <strong><em>\u2018Tenemos una preocupaci\u00f3n reciente que es la situaci\u00f3n del cambio clim\u00e1tico que se vive en todo el mundo y en la actualidad est\u00e1 impactando muy fuerte en la provincia de Mendoza, tenemos los niveles actuales de caudales en todas las regiones y la proyecci\u00f3n a mediano largo plazo. Intento ocuparme en eventuales soluciones porque en este planteo a veces noto que se trata muy superficialmente\u2019 <\/em><\/strong><\/p>\n<p>Debido a esto coment\u00f3 las soluciones que ha buscado para resolver esta problem\u00e1tica: <strong><em>\u2018Recurr\u00ed a la universidad, he hablado con profesionales, he buscado antecedentes tanto t\u00e9cnicos como legales y he propuesto lo del trasvase del R\u00edo Grande al Atuel para que sea incluido en el presupuesto 2023\/2024\/2025 independientemente del gobierno que este en vigencia\u2019<\/em><\/strong><\/p>\n<p>Siguiendo con el hilo del Trasvase destac\u00f3: <strong><em>\u2018La provincia debe tener dentro de las herramientas que posee una prioridad con la obra del Trasvase sin impedir otras pero si asegurando un presupuesto en tres a\u00f1os seguidos para la realizaci\u00f3n de la obra, tenemos una base que ya se ha hecho, tenemos antecedentes firmados desde el a\u00f1o 1976 inclusive por la provincia de La Pampa cuando se creo el COIRCO (Comit\u00e9 Interjurisdiccional del R\u00edo Colorado) ellos mismo avalan la posibilidad del trasvase, es decir que tienen fundamentos legales, pondr\u00edamos en funcionamiento miles de hect\u00e1reas que pasar\u00edan a ser productivas\u2019 <\/em><\/strong><\/p>\n<p>Asimismo, enfatiz\u00f3 acerca de los fondos que se dispondr\u00e1n para realizar este proyecto: \u2018<strong><em>Esa opci\u00f3n se la dejo al Ministerio de Hacienda o al gobernador si se tiene que disponer una parte de los fondos de Portezuelo me parece que se puede evaluar y avanzar o con fondos provinciales como se plantean en otras obras\u2019 <\/em><\/strong>Adem\u00e1s destac\u00f3 la importancia de priorizar al interior de la Provincia <strong><em>\u2018Lo que planteo es que hay que ver el territorio provincial \u00edntegramente, en los \u00faltimos gobiernos han priorizado el sistema de obras para el Gran Mendoza y han postergado totalmente al interior como lo es Valle de Uco, sur, este, el futuro de Mendoza para el desarrollo est\u00e1 en el sur, este y Valle de Uco\u2019<\/em><\/strong><\/p>\n<p>Martin Garbuio especialista en temas h\u00eddricos hablo de la importancia que tiene desarrollar esta obra: <strong><em>\u2018Es la \u00fanica obra que incorpora Recursos H\u00eddricos a la provincia de Mendoza no hay otra manera a no ser que llueva, esta es la \u00fanica soluci\u00f3n que va a permitir que las empresas productivas vuelvan a tener una renovaci\u00f3n a trav\u00e9s de los caudales de refuerzos que se derivan del R\u00edo Grande al Atuel, sin dudas es una obra necesaria e imprescindible no solo para la producci\u00f3n sino tambi\u00e9n para la subsistencia de los que eligieron estar en estas zonas\u2019<\/em><\/strong><\/p>\n<h6><strong>Ludmila Lucero<\/strong><\/h6>\n<p>&nbsp;<\/p>\n<p>&nbsp;<\/p>\n","protected":false},"excerpt":{"rendered":"<p>En una charla abierta desde el Sum de la C\u00e1mara de Comercio junto a productores, industriales y p\u00fablico en general, el &#8230;<\/p>\n","protected":false},"author":7,"featured_media":114306,"comment_status":"open","ping_status":"open","sticky":false,"template":"","format":"standard","meta":{"footnotes":""},"categories":[1],"tags":[],"class_list":["post-114283","post","type-post","status-publish","format-standard","has-post-thumbnail","hentry","category-fmvinas"],"_links":{"self":[{"href":"https:\/\/vinasfm.com\/noticias\/wp-json\/wp\/v2\/posts\/114283","targetHints":{"allow":["GET"]}}],"collection":[{"href":"https:\/\/vinasfm.com\/noticias\/wp-json\/wp\/v2\/posts"}],"about":[{"href":"https:\/\/vinasfm.com\/noticias\/wp-json\/wp\/v2\/types\/post"}],"author":[{"embeddable":true,"href":"https:\/\/vinasfm.com\/noticias\/wp-json\/wp\/v2\/users\/7"}],"replies":[{"embeddable":true,"href":"https:\/\/vinasfm.com\/noticias\/wp-json\/wp\/v2\/comments?post=114283"}],"version-history":[{"count":5,"href":"https:\/\/vinasfm.com\/noticias\/wp-json\/wp\/v2\/posts\/114283\/revisions"}],"predecessor-version":[{"id":114292,"href":"https:\/\/vinasfm.com\/noticias\/wp-json\/wp\/v2\/posts\/114283\/revisions\/114292"}],"wp:featuredmedia":[{"embeddable":true,"href":"https:\/\/vinasfm.com\/noticias\/wp-json\/wp\/v2\/media\/114306"}],"wp:attachment":[{"href":"https:\/\/vinasfm.com\/noticias\/wp-json\/wp\/v2\/media?parent=114283"}],"wp:term":[{"taxonomy":"category","embeddable":true,"href":"https:\/\/vinasfm.com\/noticias\/wp-json\/wp\/v2\/categories?post=114283"},{"taxonomy":"post_tag","embeddable":true,"href":"https:\/\/vinasfm.com\/noticias\/wp-json\/wp\/v2\/tags?post=114283"}],"curies":[{"name":"wp","href":"https:\/\/api.w.org\/{rel}","templated":true}]}}