{"id":114280,"date":"2022-10-07T00:11:25","date_gmt":"2022-10-07T03:11:25","guid":{"rendered":"http:\/\/vinasfm.com\/noticias\/?p=114280"},"modified":"2022-10-08T10:29:50","modified_gmt":"2022-10-08T13:29:50","slug":"la-residencia-de-adultos-mayores-dr-ricardo-pierola-presento-a-su-nueva-coordinadora","status":"publish","type":"post","link":"https:\/\/vinasfm.com\/noticias\/la-residencia-de-adultos-mayores-dr-ricardo-pierola-presento-a-su-nueva-coordinadora\/","title":{"rendered":"LA RESIDENCIA DE ADULTOS MAYORES DR. RICARDO PI\u00c9ROLA PRESENT\u00d3 A SU NUEVA COORDINADORA"},"content":{"rendered":"<h4><strong>En la ma\u00f1ana de ayer jueves 6 de octubre el Secretario de Gobierno Mariano Varela junto al Director de Atenci\u00f3n de Adultos Mayores Aldo S\u00e1ez estuvieron presentes en la Residencia Dr. Ricardo Pi\u00e9rola participando del cambio de autoridades<\/strong><\/h4>\n<p>En primer lugar, el Secretario de Gobierno, Mariano Varela, habl\u00f3 acerca del asilo de adultos mayores ubicado en la calle Avenida Alvear Oeste: <strong><em>\u2018Antes que nada agradezco la presencia de Aldo, \u00e9l es quien est\u00e1 a cargo de todos los geri\u00e1tricos de la provincia de Mendoza, este asilo tiene instalaciones en muy buen estado y son un ejemplo para el departamento cabe resaltar el trabajo de la gente que est\u00e1 aqu\u00ed. Por supuesto la persona que se va a hecho un gran trabajo y la persona que entra tiene el trabajo encaminado para que el asilo siga transit\u00e1ndose de la mejor manera\u2019<\/em><\/strong><\/p>\n<p>Por otro lado, Aldo S\u00e1ez agradeci\u00f3 la gesti\u00f3n actual y habl\u00f3 acerca de la situaci\u00f3n que viven los hogares p\u00fablicos y privados<strong><em>: \u2018Un gran agradecimiento a Esther Parra que nos ha acompa\u00f1ado en casi siete a\u00f1os de gesti\u00f3n, paso una pandemia que no es poco, junto a su compa\u00f1era han hecho un gran trabajo. Le doy las gracias a Patricia Rosales, ella es enfermera profesional y tiene una mirada m\u00e1s t\u00e9cnica, nos hac\u00eda falta un cambio de aire\u2019<\/em><\/strong><\/p>\n<p>Respecto a la situaci\u00f3n actual de los hogares dijo: <strong><em>\u2018Nosotros no tenemos en la direcci\u00f3n ninguna injerencia, yo no le puedo dar ni si quiera un diagnostico ya que ser\u00eda muy apresurado, eso est\u00e1 a cargo de la direcci\u00f3n de recursos f\u00edsicos del ministerio de salud, nosotros en las residencias p\u00fablicas tenemos los mismos problemas que en los privados nada m\u00e1s que no tenemos el fin de lucro entonces por ah\u00ed tenemos otra mirada, despu\u00e9s de la pandemia ha sido dif\u00edcil reconstruir la salud mental de las personas mayores\u2019<\/em><\/strong><\/p>\n<p>Por \u00faltimo, la nueva coordinadora Patricia Rosales expreso: <strong><em>\u2018Si bien tengo experiencia en este \u00e1mbito es todo un desaf\u00edo para m\u00ed, hace bastante que estoy en salud, estoy muy feliz y con muchas expectativas desde ya agradezco a las autoridades que han confiado en m\u00ed, vamos a cumplir con todas las necesidades que los abuelos necesiten\u2019<\/em><\/strong><\/p>\n<p>&nbsp;<\/p>\n","protected":false},"excerpt":{"rendered":"<p>En la ma\u00f1ana de ayer jueves 6 de octubre el Secretario de Gobierno Mariano Varela junto al Director de Atenci\u00f3n de &#8230;<\/p>\n","protected":false},"author":7,"featured_media":52782,"comment_status":"open","ping_status":"open","sticky":false,"template":"","format":"standard","meta":{"footnotes":""},"categories":[1],"tags":[],"class_list":["post-114280","post","type-post","status-publish","format-standard","has-post-thumbnail","hentry","category-fmvinas"],"_links":{"self":[{"href":"https:\/\/vinasfm.com\/noticias\/wp-json\/wp\/v2\/posts\/114280","targetHints":{"allow":["GET"]}}],"collection":[{"href":"https:\/\/vinasfm.com\/noticias\/wp-json\/wp\/v2\/posts"}],"about":[{"href":"https:\/\/vinasfm.com\/noticias\/wp-json\/wp\/v2\/types\/post"}],"author":[{"embeddable":true,"href":"https:\/\/vinasfm.com\/noticias\/wp-json\/wp\/v2\/users\/7"}],"replies":[{"embeddable":true,"href":"https:\/\/vinasfm.com\/noticias\/wp-json\/wp\/v2\/comments?post=114280"}],"version-history":[{"count":1,"href":"https:\/\/vinasfm.com\/noticias\/wp-json\/wp\/v2\/posts\/114280\/revisions"}],"predecessor-version":[{"id":114281,"href":"https:\/\/vinasfm.com\/noticias\/wp-json\/wp\/v2\/posts\/114280\/revisions\/114281"}],"wp:featuredmedia":[{"embeddable":true,"href":"https:\/\/vinasfm.com\/noticias\/wp-json\/wp\/v2\/media\/52782"}],"wp:attachment":[{"href":"https:\/\/vinasfm.com\/noticias\/wp-json\/wp\/v2\/media?parent=114280"}],"wp:term":[{"taxonomy":"category","embeddable":true,"href":"https:\/\/vinasfm.com\/noticias\/wp-json\/wp\/v2\/categories?post=114280"},{"taxonomy":"post_tag","embeddable":true,"href":"https:\/\/vinasfm.com\/noticias\/wp-json\/wp\/v2\/tags?post=114280"}],"curies":[{"name":"wp","href":"https:\/\/api.w.org\/{rel}","templated":true}]}}