{"id":114252,"date":"2022-10-05T10:09:49","date_gmt":"2022-10-05T13:09:49","guid":{"rendered":"http:\/\/vinasfm.com\/noticias\/?p=114252"},"modified":"2022-10-09T20:08:51","modified_gmt":"2022-10-09T23:08:51","slug":"alejandro-molero-no-solo-somos-una-institucion-deportiva-somos-un-espacio-social-para-todos","status":"publish","type":"post","link":"https:\/\/vinasfm.com\/noticias\/alejandro-molero-no-solo-somos-una-institucion-deportiva-somos-un-espacio-social-para-todos\/","title":{"rendered":"ALEJANDRO MOLERO: &#8216;NO SOLO SOMOS UNA INSTITUCI\u00d3N DEPORTIVA, SOMOS UN ESPACIO SOCIAL PARA TODOS&#8217;"},"content":{"rendered":"<h4><strong>En la previa de un nuevo torneo infantil, en este caso organizado por el Andes F.C, el presidente del Club Alejandro Molero habl\u00f3 acerca de todas las obras que se viene para el establecimiento deportivo<\/strong><\/h4>\n<p>En primer lugar hablo acerca de como la pandemia impidi\u00f3 que este torneo se llevar\u00e1 acabo: <em><strong>&#8216;Justamente por la pandemia nos vimos imposibilitados en el torneo de futbol infantil, el cual a\u00f1o tras a\u00f1o iba creciendo y trascend\u00eda en la provincia, nos llenaba de alegr\u00eda y satisfacci\u00f3n, hoy lo ponemos en marcha nuevamente, seguro un poco m\u00e1s peque\u00f1o que aquellas ediciones anteriores pero con la idea de trabajar para que vuelva a ser el crotito en el prospecto provincial&#8217;<\/strong><\/em><\/p>\n<p>Del mismo modo detall\u00f3 el nuevo torneo \u00abCrotitos\u00bb y a\u00f1adi\u00f3: <em><strong>&#8216;Comenzamos una nueva edici\u00f3n, re-lanzamos el crotito con un hecho sumamente importante para la instituci\u00f3n como es la inauguraci\u00f3n del play\u00f3n deportivo y todas las dependencias; para que no solamente Andes Futbol Club, sino que tambi\u00e9n todo General Alvear cuente con un lugar para practicas deportivas de una gran cantidad de disciplinas: handaball, basquet, voley. Es una alegr\u00eda muy grande, en momentos tan dif\u00edciles que atraviesa la econom\u00eda, inaugurar obras de esta magnitud cuando la inversi\u00f3n es tan importante, habla de un gran trabajo de la direcci\u00f3n deportiva&#8217;<\/strong><\/em><\/p>\n<p>Asimismo destac\u00f3 el gran historial que tiene Andes como club en el departamento:<em><strong> &#8216;Andes no es solamente la instituci\u00f3n deportiva m\u00e1s antigua en el departamento, es una instituci\u00f3n enorme en un lugar estrat\u00e9gico del departamento. Las persona que hemos transitado parte de nuestra vida ve\u00edamos que hab\u00eda sectores que se ten\u00edan que convertir, no solamente en una identidad de vanguardia futbol\u00edstica, sino tambi\u00e9n en un espacio social para todos&#8217;<\/strong><\/em>\u00a0Adem\u00e1s enfatiz\u00f3 acerca de el balneario que se inauguro hace algunos meses <em><strong>&#8216;La inauguraci\u00f3n despu\u00e9s de 50 a\u00f1os de la pileta va avanzando en convertirlo en un balneario atrayente para la comunidad de general Alvear a\u00f1os tras a\u00f1o, pero convertir al club en este polideportivo, donde cientos de ni\u00f1os, j\u00f3venes y personas mayores transitan en la instituci\u00f3n, nos llena de alegr\u00eda&#8217;<\/strong><\/em><\/p>\n<p><em><strong>&#8216;La obra del play\u00f3n comenz\u00f3 con el subsidio de los 100 a\u00f1os, en la presidencia de Miguel Nievas se recibi\u00f3 un subsidio para la construcci\u00f3n del piso y accedimos a las jirafas, arcos y dem\u00e1s elementos que vest\u00edan al play\u00f3n. Comenzamos con donaciones de cada uno a la comisi\u00f3n directiva y le pedimos a la Municipalidad ripio y arena, despu\u00e9s lleg\u00f3 un subsidio desde la Subsecretar\u00eda de deportes provincial que nos ayud\u00f3 a culminar la obra, adquirimos todo lo que hac\u00eda falta para terminar ese play\u00f3n, los ba\u00f1os y vestuarios&#8217;\u00a0\u00a0<\/strong><\/em>A\u00f1adi\u00f3 Alejandro Molero en di\u00e1logo con <strong>F.M VI\u00d1AS<\/strong><\/p>\n<p>Adem\u00e1s inform\u00f3 acerca de la inauguraci\u00f3n del torneo: <em><strong>&#8216;La inauguraci\u00f3n ser\u00e1 el d\u00eda viernes a las 18 hs, va a estar el Intendente Municipal, el Director de Deportes del Municipio, lamentablemente el Secretario de Depotes Federico Chapeta no podr\u00e1 asistir a la inauguraci\u00f3n&#8217;.\u00a0<\/strong><\/em><\/p>\n<p>Finalizando habl\u00f3 de la importancia del deporte en los ni\u00f1os de todo el departamento: <em><strong>&#8216;Cada ni\u00f1o que albergamos en un club, cada joven que le damos un espacio y seguimiento profesional en una instituci\u00f3n deportiva, es un ni\u00f1o y un joven que le robamos a una esquina, a la droga, al alcohol y a otras tentaciones que hoy nuestros ni\u00f1os y j\u00f3venes luchen a diario. La importancia de esta construcci\u00f3n trasciende a la instituci\u00f3n, est\u00e1 destinada y dirigida a toda la comunidad de Alvear&#8217;<\/strong><\/em> destac\u00f3.<\/p>\n","protected":false},"excerpt":{"rendered":"<p>En la previa de un nuevo torneo infantil, en este caso organizado por el Andes F.C, el presidente del Club Alejandro &#8230;<\/p>\n","protected":false},"author":7,"featured_media":103315,"comment_status":"open","ping_status":"open","sticky":false,"template":"","format":"standard","meta":{"footnotes":""},"categories":[5,3],"tags":[],"class_list":["post-114252","post","type-post","status-publish","format-standard","has-post-thumbnail","hentry","category-actualidad","category-deportes"],"_links":{"self":[{"href":"https:\/\/vinasfm.com\/noticias\/wp-json\/wp\/v2\/posts\/114252","targetHints":{"allow":["GET"]}}],"collection":[{"href":"https:\/\/vinasfm.com\/noticias\/wp-json\/wp\/v2\/posts"}],"about":[{"href":"https:\/\/vinasfm.com\/noticias\/wp-json\/wp\/v2\/types\/post"}],"author":[{"embeddable":true,"href":"https:\/\/vinasfm.com\/noticias\/wp-json\/wp\/v2\/users\/7"}],"replies":[{"embeddable":true,"href":"https:\/\/vinasfm.com\/noticias\/wp-json\/wp\/v2\/comments?post=114252"}],"version-history":[{"count":2,"href":"https:\/\/vinasfm.com\/noticias\/wp-json\/wp\/v2\/posts\/114252\/revisions"}],"predecessor-version":[{"id":114266,"href":"https:\/\/vinasfm.com\/noticias\/wp-json\/wp\/v2\/posts\/114252\/revisions\/114266"}],"wp:featuredmedia":[{"embeddable":true,"href":"https:\/\/vinasfm.com\/noticias\/wp-json\/wp\/v2\/media\/103315"}],"wp:attachment":[{"href":"https:\/\/vinasfm.com\/noticias\/wp-json\/wp\/v2\/media?parent=114252"}],"wp:term":[{"taxonomy":"category","embeddable":true,"href":"https:\/\/vinasfm.com\/noticias\/wp-json\/wp\/v2\/categories?post=114252"},{"taxonomy":"post_tag","embeddable":true,"href":"https:\/\/vinasfm.com\/noticias\/wp-json\/wp\/v2\/tags?post=114252"}],"curies":[{"name":"wp","href":"https:\/\/api.w.org\/{rel}","templated":true}]}}