{"id":114240,"date":"2022-10-05T22:13:33","date_gmt":"2022-10-06T01:13:33","guid":{"rendered":"http:\/\/vinasfm.com\/noticias\/?p=114240"},"modified":"2022-10-09T20:12:28","modified_gmt":"2022-10-09T23:12:28","slug":"la-policia-sumara-las-camaras-de-estaciones-de-servicio-al-sistema-de-videovigilancia","status":"publish","type":"post","link":"https:\/\/vinasfm.com\/noticias\/la-policia-sumara-las-camaras-de-estaciones-de-servicio-al-sistema-de-videovigilancia\/","title":{"rendered":"LA POLIC\u00cdA SUMAR\u00c1 LAS C\u00c1MARAS DE ESTACIONES DE SERVICIO AL SISTEMA DE VIDEOVIGILANCIA"},"content":{"rendered":"<h4>Se trata de una de las medidas que viene trabajando la cartera de Seguridad en conjunto con la Asociaci\u00f3n Mendocina de Expendedores de Nafta y Afines (Amena)<\/h4>\n<p>Con el objeto de establecer acciones preventivas ante conductas antisociales, se desarroll\u00f3 una reuni\u00f3n entre autoridades del Ministerio de Seguridad y la Asociaci\u00f3n Mendocina de Expendedores de Nafta y Afines.<\/p>\n<p>En el encuentro participaron el subsecretario de Relaciones Institucionales, N\u00e9stor Majul; el director de Inform\u00e1tica y Comunicaciones, Leandro Biskupovich, y el presidente de Amena, Isabelino Rodr\u00edguez.<\/p>\n<p>Entre los temas que se trataron, se priorizaron los ejes de trabajo entre el sector empresario af\u00edn y las tecnolog\u00edas de informaci\u00f3n y comunicaci\u00f3n aplicadas a seguridad que ha incorporado la cartera de Seguridad.<\/p>\n<p>En este sentido, y con el objeto de fortalecer el Sistema de Videovigilancia, se ha definido un esquema de acciones para incorporar las c\u00e1maras privadas a la reingenier\u00eda que se implementa actualmente.<\/p>\n<p>A su vez, se incrementar\u00e1 exponencialmente la cantidad de c\u00e1maras para ser visualizadas por la Polic\u00eda provincial, lo que fortalecer\u00e1 su faz operativa y optimizar\u00e1 tanto los recursos como los resultados en maniobras preventivas y reactivas.<\/p>\n<p>Al finalizar la charla, las autoridades propusieron elaborar una agenda conjunta con intercambio de actividades que promuevan acciones coordinadas entre las estaciones de servicio y las dependencias policiales de su jurisdicci\u00f3n para trabajar en esquemas de patrullaje integrado.<\/p>\n<figure class=\"wp-block-gallery columns-1\"><\/figure>\n","protected":false},"excerpt":{"rendered":"<p>Se trata de una de las medidas que viene trabajando la cartera de Seguridad en conjunto con la Asociaci\u00f3n Mendocina de &#8230;<\/p>\n","protected":false},"author":7,"featured_media":114241,"comment_status":"open","ping_status":"open","sticky":false,"template":"","format":"standard","meta":{"footnotes":""},"categories":[5,10],"tags":[],"class_list":["post-114240","post","type-post","status-publish","format-standard","has-post-thumbnail","hentry","category-actualidad","category-destacadas"],"_links":{"self":[{"href":"https:\/\/vinasfm.com\/noticias\/wp-json\/wp\/v2\/posts\/114240","targetHints":{"allow":["GET"]}}],"collection":[{"href":"https:\/\/vinasfm.com\/noticias\/wp-json\/wp\/v2\/posts"}],"about":[{"href":"https:\/\/vinasfm.com\/noticias\/wp-json\/wp\/v2\/types\/post"}],"author":[{"embeddable":true,"href":"https:\/\/vinasfm.com\/noticias\/wp-json\/wp\/v2\/users\/7"}],"replies":[{"embeddable":true,"href":"https:\/\/vinasfm.com\/noticias\/wp-json\/wp\/v2\/comments?post=114240"}],"version-history":[{"count":2,"href":"https:\/\/vinasfm.com\/noticias\/wp-json\/wp\/v2\/posts\/114240\/revisions"}],"predecessor-version":[{"id":114246,"href":"https:\/\/vinasfm.com\/noticias\/wp-json\/wp\/v2\/posts\/114240\/revisions\/114246"}],"wp:featuredmedia":[{"embeddable":true,"href":"https:\/\/vinasfm.com\/noticias\/wp-json\/wp\/v2\/media\/114241"}],"wp:attachment":[{"href":"https:\/\/vinasfm.com\/noticias\/wp-json\/wp\/v2\/media?parent=114240"}],"wp:term":[{"taxonomy":"category","embeddable":true,"href":"https:\/\/vinasfm.com\/noticias\/wp-json\/wp\/v2\/categories?post=114240"},{"taxonomy":"post_tag","embeddable":true,"href":"https:\/\/vinasfm.com\/noticias\/wp-json\/wp\/v2\/tags?post=114240"}],"curies":[{"name":"wp","href":"https:\/\/api.w.org\/{rel}","templated":true}]}}