{"id":114231,"date":"2022-10-06T09:00:43","date_gmt":"2022-10-06T12:00:43","guid":{"rendered":"http:\/\/vinasfm.com\/noticias\/?p=114231"},"modified":"2022-10-08T10:29:49","modified_gmt":"2022-10-08T13:29:49","slug":"fin-de-semana-xxl-conoce-las-opciones-que-brinda-la-agenda-cultural","status":"publish","type":"post","link":"https:\/\/vinasfm.com\/noticias\/fin-de-semana-xxl-conoce-las-opciones-que-brinda-la-agenda-cultural\/","title":{"rendered":"FIN DE SEMANA XXL: CONOC\u00c9 LAS OPCIONES QUE BRINDA LA AGENDA CULTURAL"},"content":{"rendered":"<h4><strong>Se viene un nuevo fin de semana extra largo y la agenda cultural nos espera con nuevas opciones para disfrutar\u00a0<\/strong><\/h4>\n<p><span style=\"font-weight: 400;\">La Directora de Cultura, Liana Piedrafita , comenz\u00f3 detallando las diferentes propuestas para este fin de semana, en este caso describi\u00f3 la nueva cartelera de cine: <\/span><b><i>\u2018Hay una pel\u00edcula para peque\u00f1os que se va a pasar jueves, viernes, s\u00e1bado, domingo y lunes a las 18:00, se llama Tadeo y es una propuesta muy linda para los chicos, por otro lado volvemos a presentar 1985 en horario de las 21:00 en los d\u00edas propuestos anteriormente\u2019<\/i><\/b><span style=\"font-weight: 400;\">\u00a0<\/span><\/p>\n<p><span style=\"font-weight: 400;\">Por otro lado este s\u00e1bado 8 de octubre a partir de las 19:00 hs se brindara una charla acerca de la inmigraci\u00f3n japonesa: <\/span><b><i>\u2018Esta charla tendr\u00e1 lugar en el Museo del Inmigrante ubicado en el distrito de Bowen a cargo de Terazawa quien conoce muy bien lo que fue esto, siguiendo con el tema de las colectividades el domingo 16 de octubre se festejara el \u201cD\u00eda de las Colectividades\u201d tambi\u00e9n en Bowen est\u00e1n todos invitados los mantendremos al margen de todo la pr\u00f3xima semana\u2019<\/i><\/b><\/p>\n<p><span style=\"font-weight: 400;\">Del mismo modo aclar\u00f3 que est\u00e1n notificando a los fot\u00f3grafos y pintores que mandaron sus trabajos para la Vienal del arte: <\/span><b><i>\u2018Recordemos que mandaron 206 obras y en este momento hay una pre-selecci\u00f3n pero ser\u00e1 una Vienal muy importante como la anterior, esperaremos hasta el 25 de octubre y luego seguiremos informando sobre esto\u2019<\/i><\/b><\/p>\n<p>&nbsp;<\/p>\n<h6><strong>Ludmila Lucero<\/strong><\/h6>\n","protected":false},"excerpt":{"rendered":"<p>Se viene un nuevo fin de semana extra largo y la agenda cultural nos espera con nuevas opciones para disfrutar\u00a0 La &#8230;<\/p>\n","protected":false},"author":7,"featured_media":39800,"comment_status":"open","ping_status":"open","sticky":false,"template":"","format":"standard","meta":{"footnotes":""},"categories":[5,19],"tags":[],"class_list":["post-114231","post","type-post","status-publish","format-standard","has-post-thumbnail","hentry","category-actualidad","category-cultura"],"_links":{"self":[{"href":"https:\/\/vinasfm.com\/noticias\/wp-json\/wp\/v2\/posts\/114231","targetHints":{"allow":["GET"]}}],"collection":[{"href":"https:\/\/vinasfm.com\/noticias\/wp-json\/wp\/v2\/posts"}],"about":[{"href":"https:\/\/vinasfm.com\/noticias\/wp-json\/wp\/v2\/types\/post"}],"author":[{"embeddable":true,"href":"https:\/\/vinasfm.com\/noticias\/wp-json\/wp\/v2\/users\/7"}],"replies":[{"embeddable":true,"href":"https:\/\/vinasfm.com\/noticias\/wp-json\/wp\/v2\/comments?post=114231"}],"version-history":[{"count":4,"href":"https:\/\/vinasfm.com\/noticias\/wp-json\/wp\/v2\/posts\/114231\/revisions"}],"predecessor-version":[{"id":114276,"href":"https:\/\/vinasfm.com\/noticias\/wp-json\/wp\/v2\/posts\/114231\/revisions\/114276"}],"wp:featuredmedia":[{"embeddable":true,"href":"https:\/\/vinasfm.com\/noticias\/wp-json\/wp\/v2\/media\/39800"}],"wp:attachment":[{"href":"https:\/\/vinasfm.com\/noticias\/wp-json\/wp\/v2\/media?parent=114231"}],"wp:term":[{"taxonomy":"category","embeddable":true,"href":"https:\/\/vinasfm.com\/noticias\/wp-json\/wp\/v2\/categories?post=114231"},{"taxonomy":"post_tag","embeddable":true,"href":"https:\/\/vinasfm.com\/noticias\/wp-json\/wp\/v2\/tags?post=114231"}],"curies":[{"name":"wp","href":"https:\/\/api.w.org\/{rel}","templated":true}]}}