{"id":114192,"date":"2022-10-05T09:45:29","date_gmt":"2022-10-05T12:45:29","guid":{"rendered":"http:\/\/vinasfm.com\/noticias\/?p=114192"},"modified":"2022-10-05T09:45:29","modified_gmt":"2022-10-05T12:45:29","slug":"empresarios-organizados-la-respuesta-del-caos-y-la-desproteccion","status":"publish","type":"post","link":"https:\/\/vinasfm.com\/noticias\/empresarios-organizados-la-respuesta-del-caos-y-la-desproteccion\/","title":{"rendered":"EMPRESARIOS ORGANIZADOS: LA RESPUESTA DEL CAOS Y LA DESPROTECCI\u00d3N"},"content":{"rendered":"<h4>Nota de opini\u00f3n<\/h4>\n<div>En muchas oportunidades UCIM se ha pronunciado acerca de lo desprotegida que est\u00e1 la empresa en esta coyuntura econ\u00f3mica sin rumbo y muy mal administrada.<\/div>\n<div><\/div>\n<div>Tambi\u00e9n hemos resaltado el inexistente clima pro empresa del actual Gobierno Nacional y de otros en el pasado cercano.<\/div>\n<div><\/div>\n<div>Se la persigue con casi doscientos impuestos distintos, con leyes laborales pr\u00e1cticamente incumplibles (se preguntan por qu\u00e9 no crece el empleo formal); con un sistema jur\u00eddico nada claro ni estable; con nulas herramientas financieras para crecer e invertir; tipo de cambio forzado con cepos para todo etc. Un caldo perfecto para promover la informalidad y todo los pesares que ella trae.<\/div>\n<div><\/div>\n<div>No nos cansamos de decir que la \u00fanica salida es la empresa. Es el \u00fanico motor de una reactivaci\u00f3n que nos debemos, por la generaci\u00f3n de riqueza y empleo en regla.<\/div>\n<div><\/div>\n<div>Nuestras actuales\u00a0autoridades econ\u00f3micas no lo entienden y dan vueltas, intentando medidas que no funcionan y por el contrario, agravan la crisis y nos siguen hundiendo.<\/div>\n<div><\/div>\n<div>A toda esta terrible coyuntura se suma el accionar de los violentos que creen que su derecho est\u00e1 sobre todo y que, sin importar a todo el espectro que terminen afectando, paralizan industrias enteras, en pos de un supuesto bien com\u00fan. El caso de los neum\u00e1ticos es un reciente y lamentable ejemplo.<\/div>\n<div><\/div>\n<div>Pero hay quienes van m\u00e1s all\u00e1 (y por no sabemos qu\u00e9 fortuna Mendoza est\u00e1 ajena), en varias ocasiones estos violentos se atreven a bloquear f\u00e1bricas, en una apuesta de m\u00e1s prepotencia y autoritarismo. Estas pr\u00e1cticas se han dado sobre todo en la Pampa H\u00fameda, ante la mirada azorada y como v\u00edctimas de desprotecci\u00f3n extrema, los empresarios sufrido tremendos actos de violencia que en algunos casos lleg\u00f3 a ser f\u00edsica, adem\u00e1s de la econ\u00f3mica. Tuvieron que enfrentar desde un lugar de desventaja y vulnerabilidad, negociaciones condicionadas por quienes, no respetan los derechos de producir, ejercer industrias l\u00edcitas, circular libremente o que otros trabajen.<\/div>\n<div><\/div>\n<div>Ante esta pr\u00e1ctica casi mafiosa, m\u00e1s de 20 grandes y medianos empresarios del pa\u00eds, se han organizado en lo que han llamado\u00a0Movimiento Empresarial Anti\u00a0Bloqueo (MEAB),\u00a0para enfrentar\u00a0bloqueos que se organizann como m\u00e9todo de lucha para exigir salarios y condiciones de trabajo.<\/div>\n<div><\/div>\n<div>Dado que estas medidas sorprendieron en distintas oportunidades, a diversas empresas y que, en esas ocasiones no recibieron el correcto apoyo de las autoridades, los responsables de esas firmas decidieron tomar las riendas legales ante esta delicada y complicada situaci\u00f3n impuesta en sus empresas\u00a0.Es as\u00ed que, ante un caso de lo que no es ni m\u00e1s ni menos que una extorsi\u00f3n, los empresarios\u00a0entendieron que\u00a0podr\u00edan contar con asesoramiento legal\u00a0en la Justicia Penal,\u00a0que los respalde ante la agresi\u00f3n violenta que estaban\u00a0sufriendo\u00a0y\u00a0el atropello de no tener garantizados sus derechos.<\/div>\n<div><\/div>\n<div>Es de esta manera que ante la desprotecci\u00f3n, los empresarios responden con ley y apoyo a sus pares. Lo esperable y necesario, en una democracia moderna.\u00a0La UCIM celebra esta acci\u00f3n de quienes se han sentido abandonados por el Estado\u00a0Nacional\u00a0y promueve m\u00e1s iniciativas democr\u00e1ticas como estas, en defensa de las empresas tan avasalladas y abandonadas a su suerte.<\/div>\n<div><\/div>\n<div><\/div>\n<div><b>Daniel Ariosto<\/b><\/div>\n<div><b>Presidente de UCIM<\/b><\/div>\n","protected":false},"excerpt":{"rendered":"<p>Nota de opini\u00f3n En muchas oportunidades UCIM se ha pronunciado acerca de lo desprotegida que est\u00e1 la empresa en esta coyuntura &#8230;<\/p>\n","protected":false},"author":7,"featured_media":114193,"comment_status":"open","ping_status":"open","sticky":false,"template":"","format":"standard","meta":{"footnotes":""},"categories":[5,42],"tags":[],"class_list":["post-114192","post","type-post","status-publish","format-standard","has-post-thumbnail","hentry","category-actualidad","category-opinion"],"_links":{"self":[{"href":"https:\/\/vinasfm.com\/noticias\/wp-json\/wp\/v2\/posts\/114192","targetHints":{"allow":["GET"]}}],"collection":[{"href":"https:\/\/vinasfm.com\/noticias\/wp-json\/wp\/v2\/posts"}],"about":[{"href":"https:\/\/vinasfm.com\/noticias\/wp-json\/wp\/v2\/types\/post"}],"author":[{"embeddable":true,"href":"https:\/\/vinasfm.com\/noticias\/wp-json\/wp\/v2\/users\/7"}],"replies":[{"embeddable":true,"href":"https:\/\/vinasfm.com\/noticias\/wp-json\/wp\/v2\/comments?post=114192"}],"version-history":[{"count":2,"href":"https:\/\/vinasfm.com\/noticias\/wp-json\/wp\/v2\/posts\/114192\/revisions"}],"predecessor-version":[{"id":114196,"href":"https:\/\/vinasfm.com\/noticias\/wp-json\/wp\/v2\/posts\/114192\/revisions\/114196"}],"wp:featuredmedia":[{"embeddable":true,"href":"https:\/\/vinasfm.com\/noticias\/wp-json\/wp\/v2\/media\/114193"}],"wp:attachment":[{"href":"https:\/\/vinasfm.com\/noticias\/wp-json\/wp\/v2\/media?parent=114192"}],"wp:term":[{"taxonomy":"category","embeddable":true,"href":"https:\/\/vinasfm.com\/noticias\/wp-json\/wp\/v2\/categories?post=114192"},{"taxonomy":"post_tag","embeddable":true,"href":"https:\/\/vinasfm.com\/noticias\/wp-json\/wp\/v2\/tags?post=114192"}],"curies":[{"name":"wp","href":"https:\/\/api.w.org\/{rel}","templated":true}]}}