{"id":114179,"date":"2022-10-04T07:28:12","date_gmt":"2022-10-04T10:28:12","guid":{"rendered":"http:\/\/vinasfm.com\/noticias\/?p=114179"},"modified":"2022-10-07T00:11:27","modified_gmt":"2022-10-07T03:11:27","slug":"la-direccion-de-agricultura-pone-en-funcionamiento-la-toma-de-denuncias-por-efectos-de-las-heladas","status":"publish","type":"post","link":"https:\/\/vinasfm.com\/noticias\/la-direccion-de-agricultura-pone-en-funcionamiento-la-toma-de-denuncias-por-efectos-de-las-heladas\/","title":{"rendered":"SE HABILIT\u00d3 LA TOMA DE DENUNCIAS POR EFECTOS DE LAS HELADAS"},"content":{"rendered":"<h4><span style=\"color: #000000;\">El Director de Agricultura anunci\u00f3 el inicio de toma de denuncias por los da\u00f1os a causa de las heladas, en el agro departamental y destac\u00f3 que la lucha debe iniciar desde los productores con los cuidados pasivos.\u00a0<\/span><\/h4>\n<p><span style=\"color: #000000;\"><strong><em>&#8216;El jueves 29 de septiembre inici\u00f3 la toma de denuncias por da\u00f1os de heladas, de manera presencial&#8217;<\/em><\/strong> anunci\u00f3 el Director de Agricultura, Ganader\u00eda y Faena, Agust\u00edn Anzorena. <strong><em>&#8216;Esto se realiza de manera de presencial las oficinas de la DACC en General Alvear o en Tecno Sum Bowen, para quienes no pudieron hacer el RUT virtual&#8217;<\/em><\/strong>, mencion\u00f3 Anzorena y agreg\u00f3 que <strong><em>&#8216;podr\u00e1n realizar el tr\u00e1mite por internet quienes hayan completado y tengan aprobada el alta en el Sistema de Informaci\u00f3n Agr\u00edcola (SIA)&#8217;.<\/em><\/strong><\/span><\/p>\n<p><span style=\"color: #000000;\"><strong><em>&#8216;Depende de la zona los da\u00f1os producidos por las contingencias&#8217;<\/em><\/strong> dijo acerca de los da\u00f1os encontrados en la zona rural del departamento. <em><strong>&#8216;Estuvimos recorriendo las zonas, entend\u00edamos que iba a haber da\u00f1os y por eso se decidi\u00f3 abrir el sistema de denuncias&#8217;<\/strong><\/em>. La lucha para enfrentar las heladas comienzan desde las precauciones y si bien es menor la cantidad <em><strong>&#8216;hay productores que han hecho defensa activa y los da\u00f1os son m\u00ednimos&#8217;.\u00a0<\/strong><\/em>Los da\u00f1os y las defensas dependen del estado de las fincas y como realizaron la defensa pasiva, <strong><em>&#8216;depende de cada productor como afectan las heladas en este momento&#8217;\u00a0<\/em><\/strong>remarc\u00f3 el Director de Agricultura. <strong><em>&#8216;Las especies y variedades afectadas son damasco o durazno&#8217;<\/em><\/strong> se\u00f1al\u00f3.\u00a0<\/span><\/p>\n<p><span style=\"color: #000000;\">En cuanto al pronostico de heladas dijo <em><strong>&#8216;tenemos un pronostico de helada sobre la madrugada del domingo, esperemos que no, algunos referentes aseguran que ser\u00e1 un frente fresco y otros que ser\u00e1 un frente h\u00famedo&#8217;. <\/strong><\/em>Se espera tener una temporada d\u00e9bil de heladas pero que afectar\u00eda de igual manera por los brotes que est\u00e1n surgiendo, <strong><em>&#8216;esperamos a estar sobre la fecha para confirmar lo que va a suceder&#8217; <\/em><\/strong>concluy\u00f3 el Director de Agricultura, Ganader\u00eda y Faena, Agust\u00edn Anzorena.\u00a0<\/span><\/p>\n<h6><span style=\"color: #000000;\">Gabriel Vallejos<\/span><\/h6>\n","protected":false},"excerpt":{"rendered":"<p>El Director de Agricultura anunci\u00f3 el inicio de toma de denuncias por los da\u00f1os a causa de las heladas, en el &#8230;<\/p>\n","protected":false},"author":7,"featured_media":98596,"comment_status":"open","ping_status":"open","sticky":false,"template":"","format":"standard","meta":{"footnotes":""},"categories":[5,14],"tags":[],"class_list":["post-114179","post","type-post","status-publish","format-standard","has-post-thumbnail","hentry","category-actualidad","category-agro"],"_links":{"self":[{"href":"https:\/\/vinasfm.com\/noticias\/wp-json\/wp\/v2\/posts\/114179","targetHints":{"allow":["GET"]}}],"collection":[{"href":"https:\/\/vinasfm.com\/noticias\/wp-json\/wp\/v2\/posts"}],"about":[{"href":"https:\/\/vinasfm.com\/noticias\/wp-json\/wp\/v2\/types\/post"}],"author":[{"embeddable":true,"href":"https:\/\/vinasfm.com\/noticias\/wp-json\/wp\/v2\/users\/7"}],"replies":[{"embeddable":true,"href":"https:\/\/vinasfm.com\/noticias\/wp-json\/wp\/v2\/comments?post=114179"}],"version-history":[{"count":9,"href":"https:\/\/vinasfm.com\/noticias\/wp-json\/wp\/v2\/posts\/114179\/revisions"}],"predecessor-version":[{"id":114213,"href":"https:\/\/vinasfm.com\/noticias\/wp-json\/wp\/v2\/posts\/114179\/revisions\/114213"}],"wp:featuredmedia":[{"embeddable":true,"href":"https:\/\/vinasfm.com\/noticias\/wp-json\/wp\/v2\/media\/98596"}],"wp:attachment":[{"href":"https:\/\/vinasfm.com\/noticias\/wp-json\/wp\/v2\/media?parent=114179"}],"wp:term":[{"taxonomy":"category","embeddable":true,"href":"https:\/\/vinasfm.com\/noticias\/wp-json\/wp\/v2\/categories?post=114179"},{"taxonomy":"post_tag","embeddable":true,"href":"https:\/\/vinasfm.com\/noticias\/wp-json\/wp\/v2\/tags?post=114179"}],"curies":[{"name":"wp","href":"https:\/\/api.w.org\/{rel}","templated":true}]}}