{"id":114166,"date":"2022-10-05T11:34:31","date_gmt":"2022-10-05T14:34:31","guid":{"rendered":"http:\/\/vinasfm.com\/noticias\/?p=114166"},"modified":"2022-10-06T09:18:23","modified_gmt":"2022-10-06T12:18:23","slug":"obras-continuan-las-arduas-tareas-de-asfaltado-en-las-calles-del-departamento","status":"publish","type":"post","link":"https:\/\/vinasfm.com\/noticias\/obras-continuan-las-arduas-tareas-de-asfaltado-en-las-calles-del-departamento\/","title":{"rendered":"OBRAS: CONTIN\u00daAN LAS ARDUAS TAREAS DE ASFALTADO EN LAS CALLES DEL DEPARTAMENTO"},"content":{"rendered":"<h4>En dialogo con F.M VI\u00d1AS, el Director de Obras P\u00fablicas, Federico Pio se refiri\u00f3 acerca de las obras de asfaltado y reparaci\u00f3n de calles que se est\u00e1n realizando en General Alvear.<\/h4>\n<p><strong><em>Estamos cumpliendo con la primer parte del conglomerado&#8217;<\/em> <\/strong>mencion\u00f3 el Director de Obras P\u00fablicas, Federico Pio y agreg\u00f3 que <strong><em>&#8216;acabamos de retomar los trabajos porque la empresa encargada se hab\u00eda tomado una semana de franco&#8217;.<\/em><\/strong> Hay una importante cantidad de calles que han tenido que ser recuperadas con un <strong><em>&#8216;bacheo mecanizado&#8217;<\/em><\/strong>. A\u00fan restan reparar las calles R\u00edo Tunuy\u00e1n y R\u00edo Mendoza pero <strong><em>&#8216;primero hay que hacer el bacheo mecanizado para que quede en condiciones&#8217;.<\/em><\/strong><\/p>\n<p><em><strong>&#8216;Le pedimos a los vecinos que muevan sus veh\u00edculos y colabores cuando se est\u00e9 trabajando sobre sus calles&#8217;<\/strong><\/em> solicit\u00f3 Federico Pio y agreg\u00f3 <strong><em>&#8216;el material tiene que secarse, y el viento ayuda, pero si los vecinos contin\u00faan transitando sobre la calle va a quedar marcado el asfalto&#8217;.<\/em><\/strong><\/p>\n<p>Luego de concluir las obras en el Barrio Irrigaci\u00f3n se continuar\u00e1 sobre <strong><em>&#8216;trecientos metros en Arist\u00f3bulo del Valle y calle Zeballos hasta el ingreso al Polideportivo&#8217;.\u00a0<\/em><\/strong>Sumada a estas dos arterias, la primera parte del plan contempla Callej\u00f3n Belgrano y Callej\u00f3n Portero. <strong><em>&#8216;Tenemos unos metros cuadrados sobrantes que se van a volcar sobre otras calles de la ciudad, por ejemplo Calle San Juan y algunas calles del Barrio Alvear I&#8217;.<\/em><\/strong> La segunda etapa del plan integra a todas las calles del Barrio Alvear I y otras calles de la ciudad.<\/p>\n<p><em><strong>&#8216;Contamos con el apoyo del municipio que nos lleva a seguir un ritmo continuo y agitado&#8217;<\/strong><\/em> concluy\u00f3 el nuevo Director de Obras P\u00fablicas, Federico Pio.<\/p>\n<h6>Gabriel Vallejos<\/h6>\n","protected":false},"excerpt":{"rendered":"<p>En dialogo con F.M VI\u00d1AS, el Director de Obras P\u00fablicas, Federico Pio se refiri\u00f3 acerca de las obras de asfaltado y &#8230;<\/p>\n","protected":false},"author":7,"featured_media":9344,"comment_status":"open","ping_status":"open","sticky":false,"template":"","format":"standard","meta":{"footnotes":""},"categories":[5,29],"tags":[],"class_list":["post-114166","post","type-post","status-publish","format-standard","has-post-thumbnail","hentry","category-actualidad","category-obras-y-servicios"],"_links":{"self":[{"href":"https:\/\/vinasfm.com\/noticias\/wp-json\/wp\/v2\/posts\/114166","targetHints":{"allow":["GET"]}}],"collection":[{"href":"https:\/\/vinasfm.com\/noticias\/wp-json\/wp\/v2\/posts"}],"about":[{"href":"https:\/\/vinasfm.com\/noticias\/wp-json\/wp\/v2\/types\/post"}],"author":[{"embeddable":true,"href":"https:\/\/vinasfm.com\/noticias\/wp-json\/wp\/v2\/users\/7"}],"replies":[{"embeddable":true,"href":"https:\/\/vinasfm.com\/noticias\/wp-json\/wp\/v2\/comments?post=114166"}],"version-history":[{"count":3,"href":"https:\/\/vinasfm.com\/noticias\/wp-json\/wp\/v2\/posts\/114166\/revisions"}],"predecessor-version":[{"id":114178,"href":"https:\/\/vinasfm.com\/noticias\/wp-json\/wp\/v2\/posts\/114166\/revisions\/114178"}],"wp:featuredmedia":[{"embeddable":true,"href":"https:\/\/vinasfm.com\/noticias\/wp-json\/wp\/v2\/media\/9344"}],"wp:attachment":[{"href":"https:\/\/vinasfm.com\/noticias\/wp-json\/wp\/v2\/media?parent=114166"}],"wp:term":[{"taxonomy":"category","embeddable":true,"href":"https:\/\/vinasfm.com\/noticias\/wp-json\/wp\/v2\/categories?post=114166"},{"taxonomy":"post_tag","embeddable":true,"href":"https:\/\/vinasfm.com\/noticias\/wp-json\/wp\/v2\/tags?post=114166"}],"curies":[{"name":"wp","href":"https:\/\/api.w.org\/{rel}","templated":true}]}}