{"id":114134,"date":"2022-10-04T10:03:26","date_gmt":"2022-10-04T13:03:26","guid":{"rendered":"http:\/\/vinasfm.com\/noticias\/?p=114134"},"modified":"2022-10-06T08:52:25","modified_gmt":"2022-10-06T11:52:25","slug":"encuesta-quien-ganara-las-elecciones-de-mendoz-asi-fueran-hoy","status":"publish","type":"post","link":"https:\/\/vinasfm.com\/noticias\/encuesta-quien-ganara-las-elecciones-de-mendoz-asi-fueran-hoy\/","title":{"rendered":"ENCUESTA: QUI\u00c9N GANAR\u00cdA LAS ELECCIONES DE MENDOZA SI FUERAN HOY"},"content":{"rendered":"<h4 class=\"note__epigraph\">Un relevamiento de Reale Dalla Torre Consultores reflej\u00f3 las tendencias para los comicios del pr\u00f3ximo a\u00f1o.<\/h4>\n<p>Si las elecciones generales se hicieran hoy,<strong>\u00a0el pr\u00f3ximo gobernador ser\u00e1 un candidato de Cambia Mendoza<\/strong>, con una ventaja cercana a los 25 ante el postulante del Frente de Todos.<\/p>\n<p>Esa es una de las principales conclusiones del reciente trabajo realizado por\u00a0<strong>Reale Dalla Torre Consultores (RDT)<\/strong>, la encuestadora preferida por el oficialismo que comanda Martha Reale.<\/p>\n<p>Se trata de un sondeo de 1.211 casos, relevados entre el 12 y el 16 de septiembre en el Gran Mendoza, San Mart\u00edn y San Rafael, con un margen de confianza del 95% y un error muestral del 2,5%.\u00a0<strong>Los datos se recogieron 98% en domicilio y 2% digital.<\/strong><\/p>\n<p>En el segmento que pregunt\u00f3 por la intenci\u00f3n de voto por espacio,\u00a0<strong>Cambia Mendoza obtuvo el 47,8% de los votos y el Frente de Todos alcanz\u00f3 el 23,2%.<\/strong>\u00a0Muy lejos aparecen la Izquierda (4%), el Partido Verde (2,3%), los libertarios (1,2%) y el Partido Dem\u00f3crata (0,8%).<\/p>\n<p>En medio de la interna cada vez m\u00e1s evidente en el oficialismo, RDT indag\u00f3 sobre las preferencias por partido pol\u00edtico. All\u00ed\u00a0<strong>arrolla el radicalismo (40,4%) frente al Pro que lidera Omar de Marchi (7,4%)<\/strong>. En el Frente de Todos, el kirchnerismo se impone con el 15%, contra el 8,2% del peronismo no K.<\/p>\n<p>Al referirse a candidatos puntuales, la consultora present\u00f3 dos escenarios. En uno de ellos,<strong>\u00a0Alfredo Cornejo gana con 47,4%<\/strong>, seguido por el peronista Adolfo Bermejo (21,3%) y De Marchi (9,2%).<\/p>\n<p>Otra grilla de candidatos, sin Cornejo, muestra una mayor paridad. All\u00ed\u00a0<strong>Ulpiano Suarez se impone con 20,8%<\/strong>, escoltado por De Marchi (13,3%) y Anabel Fern\u00e1ndez Sagasti (12,5%).<\/p>\n<p>Este segundo escenario tambi\u00e9n revel\u00f3 la interna entre los intendentes radicales del Gran Mendoza que ya mostraron sus intenciones de pelear por la gobernaci\u00f3n.\u00a0<strong>El capitalino Suarez es el m\u00e1s elegido<\/strong>, por sobre Tadeo Garc\u00eda Zalazar (Godoy Cruz) y Daniel Orozco (Las Heras), que llegan al 10,9% y 5,1%, respectivamente.<\/p>\n<p><strong>Suarez vs Cornejo<\/strong><\/p>\n<p>En el cap\u00edtulo dedicado al \u00abClima electoral\u00bb, tambi\u00e9n se le pregunt\u00f3 a los encuestados si les gustar\u00eda que el pr\u00f3ximo gobernador sea una persona \u201capoyada\u201d o un \u201copositor\u201d a\u00a0<strong>Rodolfo Suarez<\/strong>.\u00a0<strong>La primera opci\u00f3n arroj\u00f3 55,4% y la segunda, 38,3%.<\/strong><\/p>\n<p>La misma consulta se hizo, pero con\u00a0<strong>Cornejo<\/strong>\u00a0como protagonista. Los resultados fueron similares:\u00a0<strong>55,3% para \u00abapoyada\u00bb y 38,6% para \u00abopositor\u00bb.<\/strong><\/p>\n<p>En el ranking de\u00a0<strong>credibilidad<\/strong>\u00a0de los principales dirigentes provinciales y nacionales, los ocho primeros pertenecen a la UCR y al PRO.\u00a0<strong>Encabeza el gobernador Suarez (54%) y completan el podio Cornejo (53,5%)<\/strong>\u00a0y el jefe de Gobierno porte\u00f1o, Horacio Rodr\u00edguez Larreta (45,6%).<\/p>\n<p><strong>El primer peronista que aparece en el listado es Bermejo (27,8% de credibilidad)<\/strong>, en el octavo lugar. Inmediatamente despu\u00e9s aparece el economista Javier Milei, con 27%. Y cierra la lista la vicepresidenta Cristina Kirchner (23,7%).<\/p>\n<p>Mientras que en el ranking de imagen positiva de los pol\u00edticos,\u00a0<strong>tambi\u00e9n Rodolfo Suarez (49,3%) le gana por poco a Cornejo (47,2%).<\/strong><\/p>\n<h6>Federico Brusotti<\/h6>\n","protected":false},"excerpt":{"rendered":"<p>Un relevamiento de Reale Dalla Torre Consultores reflej\u00f3 las tendencias para los comicios del pr\u00f3ximo a\u00f1o. Si las elecciones generales se &#8230;<\/p>\n","protected":false},"author":7,"featured_media":52924,"comment_status":"open","ping_status":"open","sticky":false,"template":"","format":"standard","meta":{"footnotes":""},"categories":[5,10],"tags":[],"class_list":["post-114134","post","type-post","status-publish","format-standard","has-post-thumbnail","hentry","category-actualidad","category-destacadas"],"_links":{"self":[{"href":"https:\/\/vinasfm.com\/noticias\/wp-json\/wp\/v2\/posts\/114134","targetHints":{"allow":["GET"]}}],"collection":[{"href":"https:\/\/vinasfm.com\/noticias\/wp-json\/wp\/v2\/posts"}],"about":[{"href":"https:\/\/vinasfm.com\/noticias\/wp-json\/wp\/v2\/types\/post"}],"author":[{"embeddable":true,"href":"https:\/\/vinasfm.com\/noticias\/wp-json\/wp\/v2\/users\/7"}],"replies":[{"embeddable":true,"href":"https:\/\/vinasfm.com\/noticias\/wp-json\/wp\/v2\/comments?post=114134"}],"version-history":[{"count":5,"href":"https:\/\/vinasfm.com\/noticias\/wp-json\/wp\/v2\/posts\/114134\/revisions"}],"predecessor-version":[{"id":114255,"href":"https:\/\/vinasfm.com\/noticias\/wp-json\/wp\/v2\/posts\/114134\/revisions\/114255"}],"wp:featuredmedia":[{"embeddable":true,"href":"https:\/\/vinasfm.com\/noticias\/wp-json\/wp\/v2\/media\/52924"}],"wp:attachment":[{"href":"https:\/\/vinasfm.com\/noticias\/wp-json\/wp\/v2\/media?parent=114134"}],"wp:term":[{"taxonomy":"category","embeddable":true,"href":"https:\/\/vinasfm.com\/noticias\/wp-json\/wp\/v2\/categories?post=114134"},{"taxonomy":"post_tag","embeddable":true,"href":"https:\/\/vinasfm.com\/noticias\/wp-json\/wp\/v2\/tags?post=114134"}],"curies":[{"name":"wp","href":"https:\/\/api.w.org\/{rel}","templated":true}]}}