{"id":114130,"date":"2022-10-04T13:21:53","date_gmt":"2022-10-04T16:21:53","guid":{"rendered":"http:\/\/vinasfm.com\/noticias\/?p=114130"},"modified":"2022-10-06T08:51:28","modified_gmt":"2022-10-06T11:51:28","slug":"conoce-el-cronograma-de-vacunacion-para-todo-el-departamento","status":"publish","type":"post","link":"https:\/\/vinasfm.com\/noticias\/conoce-el-cronograma-de-vacunacion-para-todo-el-departamento\/","title":{"rendered":"CONOC\u00c9 EL CRONOGRAMA DE VACUNACI\u00d3N PARA SARAMPI\u00d3N, PAPERAS, RUBEOLA Y POLIOMIELITIS"},"content":{"rendered":"<h4><strong>El cronograma de vacunaci\u00f3n comenz\u00f3 el s\u00e1bado pasado donde el personal del \u00e1rea sanitaria estuvo presente cumpliendo con su labor, la actividad contin\u00faa en diferentes puntos del departamento<\/strong><\/h4>\n<p>Anal\u00eda Garc\u00eda, responsable del municipio saludable detall\u00f3 en cronograma de vacunaci\u00f3n:\u00a0<em><strong> &#8216;Ayer se cumpli\u00f3 con el cupo que tenian previsto, para el d\u00eda fueron alrededor de 125 ni\u00f1os, el cronograma sigue en diferentes puntos como por ejemplo en el jard\u00edn maternal Mar\u00eda del Rosario y Jard\u00edn Maternal El Principito en horario de ma\u00f1ana y tarde, tambi\u00e9n\u00a0 por la zona del barrio el parque y as\u00ed que invitamos a todas las familias a los ni\u00f1os que puedan arrimarse para que puedan ser vacunados ma\u00f1ana mi\u00e9rcoles&#8217;<\/strong><\/em><\/p>\n<p>Adem\u00e1s habl\u00f3 acerca de los ni\u00f1os que no est\u00e1n en jardines maternales: <em><strong>&#8216;Vamos a hacer un recorrido por los barrios para los que necesitan ser vacunados, nosotros desde el municipio acompa\u00f1amos esta campa\u00f1a ya que es un trabajo muy importante en el que est\u00e1n desarrollando un terreno importante el cual\u00a0 va a durar un mes y medio aproximadamente&#8217; <\/strong><\/em>a\u00f1adi\u00f3 en di\u00e1logo con<strong> F.M VI\u00d1AS\u00a0<\/strong><\/p>\n<p>Asimismo inform\u00f3 en que puntos estar\u00e1n este mi\u00e9rcoles: <em><strong>&#8216;El d\u00eda mi\u00e9rcoles vamos a estar por el jard\u00edn Ay\u00fcn tambi\u00e9n en el Sum del barrio San Carlos, por otra parte la gente esta reaccionado bien, llamamos a la comunidad la poblaci\u00f3n que faciliten el trabajo de los agentes sanitarios&#8217;\u00a0<\/strong><\/em><\/p>\n<h6><strong>Ludmila Lucero<\/strong><\/h6>\n","protected":false},"excerpt":{"rendered":"<p>El cronograma de vacunaci\u00f3n comenz\u00f3 el s\u00e1bado pasado donde el personal del \u00e1rea sanitaria estuvo presente cumpliendo con su labor, la &#8230;<\/p>\n","protected":false},"author":7,"featured_media":49360,"comment_status":"open","ping_status":"open","sticky":false,"template":"","format":"standard","meta":{"footnotes":""},"categories":[5,15],"tags":[],"class_list":["post-114130","post","type-post","status-publish","format-standard","has-post-thumbnail","hentry","category-actualidad","category-salud"],"_links":{"self":[{"href":"https:\/\/vinasfm.com\/noticias\/wp-json\/wp\/v2\/posts\/114130","targetHints":{"allow":["GET"]}}],"collection":[{"href":"https:\/\/vinasfm.com\/noticias\/wp-json\/wp\/v2\/posts"}],"about":[{"href":"https:\/\/vinasfm.com\/noticias\/wp-json\/wp\/v2\/types\/post"}],"author":[{"embeddable":true,"href":"https:\/\/vinasfm.com\/noticias\/wp-json\/wp\/v2\/users\/7"}],"replies":[{"embeddable":true,"href":"https:\/\/vinasfm.com\/noticias\/wp-json\/wp\/v2\/comments?post=114130"}],"version-history":[{"count":4,"href":"https:\/\/vinasfm.com\/noticias\/wp-json\/wp\/v2\/posts\/114130\/revisions"}],"predecessor-version":[{"id":114223,"href":"https:\/\/vinasfm.com\/noticias\/wp-json\/wp\/v2\/posts\/114130\/revisions\/114223"}],"wp:featuredmedia":[{"embeddable":true,"href":"https:\/\/vinasfm.com\/noticias\/wp-json\/wp\/v2\/media\/49360"}],"wp:attachment":[{"href":"https:\/\/vinasfm.com\/noticias\/wp-json\/wp\/v2\/media?parent=114130"}],"wp:term":[{"taxonomy":"category","embeddable":true,"href":"https:\/\/vinasfm.com\/noticias\/wp-json\/wp\/v2\/categories?post=114130"},{"taxonomy":"post_tag","embeddable":true,"href":"https:\/\/vinasfm.com\/noticias\/wp-json\/wp\/v2\/tags?post=114130"}],"curies":[{"name":"wp","href":"https:\/\/api.w.org\/{rel}","templated":true}]}}