{"id":114125,"date":"2022-10-04T18:57:17","date_gmt":"2022-10-04T21:57:17","guid":{"rendered":"http:\/\/vinasfm.com\/noticias\/?p=114125"},"modified":"2022-10-06T08:55:05","modified_gmt":"2022-10-06T11:55:05","slug":"vialidad-provincial-que-trabajos-se-estan-realizando","status":"publish","type":"post","link":"https:\/\/vinasfm.com\/noticias\/vialidad-provincial-que-trabajos-se-estan-realizando\/","title":{"rendered":"VIALIDAD PROVINCIAL \u00bfQU\u00c9 TRABAJOS SE EST\u00c1N REALIZANDO?"},"content":{"rendered":"<h4><span style=\"color: #000000;\">El Consejero Zona Sur de Vialidad Provincial, V\u00edctor \u00c1lvarez, habl\u00f3 en \u00abPuntos de vista\u00bb acerca de los trabajos que se est\u00e1n realizando en el sur de Mendoza y explic\u00f3 la causa de las demoras en los proyectos.\u00a0<\/span><\/h4>\n<p><span style=\"color: #000000;\"><em><strong>&#8216;E<\/strong><\/em><em style=\"font-weight: bold;\">stamos trabajando intensamente en Carmensa, tratando de darle una mejora que perdure en el tiempo&#8217;<\/em> dijo en materia de obras V\u00edctor \u00c1lvarez.\u00a0Los trabajos tambi\u00e9n se est\u00e1n desarrollando al Sur de Canalejas, en la costa del R\u00edo Salado y en la Ruta 203, trabajo que se realizar\u00e1 hasta Corral del Orca. <strong><em>&#8216;Vamos avanzando en todos los proyectos propuestos, por primera vez en el presupuesto provincial un importe para trabajar sobre las rutas ganaderas&#8217;.\u00a0<\/em><\/strong><\/span><\/p>\n<p><span style=\"color: #000000;\">En cuanto a los reclamos de los vecinos, por las malas condiciones de las calles en algunas zonas, dijo <strong><em>&#8216;ven\u00edamos con un bacheo, este a\u00f1o no hay presupuesto para el asfaltado, pero ya est\u00e1 previsto para el a\u00f1o que viene&#8217;<\/em><\/strong>. El Consejero Zona Sur de Vialidad Provincial advierte que completar todas las obras de vialidad <em><strong>&#8216;va a llevar mucho tiempo&#8217;.\u00a0<\/strong><\/em><\/span><\/p>\n<p><span style=\"color: #000000;\"><strong><em>&#8216;Nos cuesta conseguir material, es una pelea permanente con los proveedores de materiales por los precios&#8217;<\/em><\/strong> reclama V\u00edctor \u00c1lvarez y agreg\u00f3 <em><strong>&#8216;tenemos camiones parados porque no est\u00e1n en todas las condiciones&#8217;.\u00a0<\/strong><\/em>En alg\u00fan momento se intent\u00f3 hacer un tipo de modificaci\u00f3n en la legislaci\u00f3n que permita la contrataci\u00f3n a tercerizados pero<strong><em> &#8216;tenemos un Estado complicado&#8217;<\/em> <\/strong>afirm\u00f3.<\/span><\/p>\n<p><span style=\"color: #000000;\"><strong><em>&#8216;Hay vinculaci\u00f3n con Vialidad Nacional&#8217;<\/em><\/strong> y mencion\u00f3 que en ocasiones desde Vialidad Provincial se trabaja sobre rutas nacionales, como es el caso de Ruta Nacional 188. En el sector del Ca\u00f1\u00f3n del Atuel, Vialidad Nacionalidad realiz\u00f3 un convenio para poder trabajar sobre\u00a0 el lugar en donde se pretende realizar el dique, <strong><em>&#8216;tuvimos que realizar trabajos para poder abrir caminos que permitan llegar al lugar, pero ya hay v\u00edas por as que se puede llegar con veh\u00edculos especiales&#8217;<\/em> <\/strong>detall\u00f3.\u00a0\u00a0<\/span><\/p>\n<p><span style=\"color: #000000;\"><strong><em>&#8216;Tenemos una demanda constante, en algunos lugares se deja de trabajar y se rompen nuevamente&#8217;<\/em><\/strong> explic\u00f3 V\u00edctor \u00c1lvarez, Consejero Zona Sur de Vialidad Provincial.<\/span><\/p>\n<h6>Gabriel Vallejos<\/h6>\n","protected":false},"excerpt":{"rendered":"<p>El Consejero Zona Sur de Vialidad Provincial, V\u00edctor \u00c1lvarez, habl\u00f3 en \u00abPuntos de vista\u00bb acerca de los trabajos que se est\u00e1n &#8230;<\/p>\n","protected":false},"author":7,"featured_media":54521,"comment_status":"open","ping_status":"open","sticky":false,"template":"","format":"standard","meta":{"footnotes":""},"categories":[5,10],"tags":[],"class_list":["post-114125","post","type-post","status-publish","format-standard","has-post-thumbnail","hentry","category-actualidad","category-destacadas"],"_links":{"self":[{"href":"https:\/\/vinasfm.com\/noticias\/wp-json\/wp\/v2\/posts\/114125","targetHints":{"allow":["GET"]}}],"collection":[{"href":"https:\/\/vinasfm.com\/noticias\/wp-json\/wp\/v2\/posts"}],"about":[{"href":"https:\/\/vinasfm.com\/noticias\/wp-json\/wp\/v2\/types\/post"}],"author":[{"embeddable":true,"href":"https:\/\/vinasfm.com\/noticias\/wp-json\/wp\/v2\/users\/7"}],"replies":[{"embeddable":true,"href":"https:\/\/vinasfm.com\/noticias\/wp-json\/wp\/v2\/comments?post=114125"}],"version-history":[{"count":4,"href":"https:\/\/vinasfm.com\/noticias\/wp-json\/wp\/v2\/posts\/114125\/revisions"}],"predecessor-version":[{"id":114156,"href":"https:\/\/vinasfm.com\/noticias\/wp-json\/wp\/v2\/posts\/114125\/revisions\/114156"}],"wp:featuredmedia":[{"embeddable":true,"href":"https:\/\/vinasfm.com\/noticias\/wp-json\/wp\/v2\/media\/54521"}],"wp:attachment":[{"href":"https:\/\/vinasfm.com\/noticias\/wp-json\/wp\/v2\/media?parent=114125"}],"wp:term":[{"taxonomy":"category","embeddable":true,"href":"https:\/\/vinasfm.com\/noticias\/wp-json\/wp\/v2\/categories?post=114125"},{"taxonomy":"post_tag","embeddable":true,"href":"https:\/\/vinasfm.com\/noticias\/wp-json\/wp\/v2\/tags?post=114125"}],"curies":[{"name":"wp","href":"https:\/\/api.w.org\/{rel}","templated":true}]}}